{"id":80,"date":"2023-08-05T16:25:53","date_gmt":"2023-08-05T14:25:53","guid":{"rendered":"https:\/\/cnam.smade.fr\/?p=80"},"modified":"2023-10-09T10:26:54","modified_gmt":"2023-10-09T08:26:54","slug":"rentree-23-24","status":"publish","type":"post","link":"https:\/\/www.cnam.re\/site\/rentree-23-24\/","title":{"rendered":"Le Cnam fait sa rentr\u00e9e !"},"content":{"rendered":"<p>[et_pb_section fb_built=\u00a0\u00bb1&Prime; _builder_version=\u00a0\u00bb4.16&Prime; da_disable_devices=\u00a0\u00bboff|off|off\u00a0\u00bb global_colors_info=\u00a0\u00bb{}\u00a0\u00bb da_is_popup=\u00a0\u00bboff\u00a0\u00bb da_exit_intent=\u00a0\u00bboff\u00a0\u00bb da_has_close=\u00a0\u00bbon\u00a0\u00bb da_alt_close=\u00a0\u00bboff\u00a0\u00bb da_dark_close=\u00a0\u00bboff\u00a0\u00bb da_not_modal=\u00a0\u00bbon\u00a0\u00bb da_is_singular=\u00a0\u00bboff\u00a0\u00bb da_with_loader=\u00a0\u00bboff\u00a0\u00bb da_has_shadow=\u00a0\u00bbon\u00a0\u00bb][et_pb_row _builder_version=\u00a0\u00bb4.16&Prime; background_size=\u00a0\u00bbinitial\u00a0\u00bb background_position=\u00a0\u00bbtop_left\u00a0\u00bb background_repeat=\u00a0\u00bbrepeat\u00a0\u00bb global_colors_info=\u00a0\u00bb{}\u00a0\u00bb][et_pb_column type=\u00a0\u00bb4_4&Prime; _builder_version=\u00a0\u00bb4.16&Prime; custom_padding=\u00a0\u00bb|||\u00a0\u00bb global_colors_info=\u00a0\u00bb{}\u00a0\u00bb custom_padding__hover=\u00a0\u00bb|||\u00a0\u00bb][et_pb_text _builder_version=\u00a0\u00bb4.21.0&Prime; background_size=\u00a0\u00bbinitial\u00a0\u00bb background_position=\u00a0\u00bbtop_left\u00a0\u00bb background_repeat=\u00a0\u00bbrepeat\u00a0\u00bb hover_enabled=\u00a0\u00bb0&Prime; global_colors_info=\u00a0\u00bb{}\u00a0\u00bb sticky_enabled=\u00a0\u00bb0&Prime;]<\/p>\n<div dir=\"auto\">\ud835\udc00\ud835\udc2f\ud835\udc1e\ud835\udc1c \ud835\udc29\ud835\udc25\ud835\udc2e\ud835\udc2c \ud835\udc1d\ud835\udc1e \ud835\udfd0\ud835\udfd1\ud835\udfce \ud835\udc1c\ud835\udc1e\ud835\udc27\ud835\udc2d\ud835\udc2b\ud835\udc1e\ud835\udc2c \ud835\udc1e\ud835\udc27 \ud835\udc05\ud835\udc2b\ud835\udc1a\ud835\udc27\ud835\udc1c\ud835\udc1e, \ud835\udc22\ud835\udc25 \ud835\udc32 \ud835\udc1a \ud835\udc2d\ud835\udc28\ud835\udc2e\ud835\udc23\ud835\udc28\ud835\udc2e\ud835\udc2b\ud835\udc2c \ud835\udc2e\ud835\udc27 \ud835\udc02\ud835\udc27\ud835\udc1a\ud835\udc26 \ud835\udc29\ud835\udc2b\ud835\udc1e\u0300\ud835\udc2c \ud835\udc1d\ud835\udc1e \ud835\udc1c\ud835\udc21\ud835\udc1e\ud835\udc33 \ud835\udc2f\ud835\udc28\ud835\udc2e\ud835\udc2c !<\/div>\n<div dir=\"auto\">\n<div dir=\"auto\">\u00a0<\/div>\n<\/div>\n<div dir=\"auto\">Le <strong>Cnam de la R\u00e9union<\/strong> vous propose d\u00e8s la rentr\u00e9e de septembre 2023 des formations ancr\u00e9es dans la pratique professionnelle et qui visent \u00e0 d\u00e9velopper les comp\u00e9tences recherch\u00e9es par les entreprises qui recrutent.<\/div>\n<div dir=\"auto\">En alternance, formation HTT en cours du soir, \u00e0 distance, formations \u00e0 la carte, validations des acquis, blocs de comp\u00e9tences, financement CPF \u2026 autant de modalit\u00e9s et dispositifs qui vous permettent de personnaliser votre parcours en vous formant \u00e0 votre rythme et sans contraintes.<\/div>\n<div dir=\"auto\">\u00a0<\/div>\n<div dir=\"auto\">Les petits nouveaux qui font leur apparition cette ann\u00e9e :<\/div>\n<div dir=\"auto\">\n<ul>\n<li><strong>Master<\/strong> Education artistique et culturelle<\/li>\n<li><strong>Licence pro<\/strong> Coordinateur technique pour l&rsquo;optimisation des \u00e9nergies \u00e9lectriques renouvelables<\/li>\n<li><strong>DEUST<\/strong> Informatique d\u2019organisation et syst\u00e8mes d\u2019information (IOSI) parcours Technicien D\u00e9veloppement, S\u00e9curit\u00e9 et Exploitation<\/li>\n<li><strong>DEUST<\/strong> B\u00e2timent et travaux publics parcours Conduite de chantier<\/li>\n<li><strong>Licence pro<\/strong>\u00a0 M\u00e9tiers de la comptabilit\u00e9 &#8211; gestion comptable et financi\u00e8re<\/li>\n<li><strong>Titre pro niveau 5<\/strong> Entrepreneur de petite entreprise<\/li>\n<\/ul>\n<\/div>\n<div dir=\"auto\">\n<table style=\"border-collapse: collapse; width: 100%;\" border=\"1\">\n<tbody>\n<tr>\n<td style=\"width: 100%;\">\n<blockquote>\n<p>Et en pr\u00e9vision d&rsquo;ouverture pour 2024-2025 :<\/p>\n<\/blockquote>\n<ul>\n<li>\n<blockquote>\n<p><strong>Master<\/strong> Ressources humaines et Transformations num\u00e9riques <strong>100% \u00e0 distance<\/strong><\/p>\n<\/blockquote>\n<\/li>\n<li>\n<blockquote>\n<p><strong>Dipl\u00f4me d\u2019ing\u00e9nieur<\/strong> G\u00e9nie \u00e9lectrique<\/p>\n<\/blockquote>\n<\/li>\n<\/ul>\n<\/td>\n<\/tr>\n<\/tbody>\n<\/table>\n<\/div>\n<div dir=\"auto\">\u00a0<\/div>\n<div dir=\"auto\">Les cours d\u00e9marrent le 4 septembre 2023 pour la plupart des formations alors pour les retardataires, d\u00e9p\u00eachez-vous de venir vous inscrire. La cl\u00f4ture des inscriptions pour les enseignements du 1er semestre est au <strong>31 octobre 2023<\/strong>.<\/div>\n<div dir=\"auto\">\u00a0<\/div>\n<div dir=\"auto\"><strong>Raccourcissez votre parcours et optez pour la VAE<\/strong><\/div>\n<div dir=\"auto\">Vous souhaitez valoriser vos nombreuses ann\u00e9es d&rsquo;exp\u00e9rience professionnelle en validant tout ou partie d&rsquo;un dipl\u00f4me du CNAM, alors demandez un rendez-vous avec notre conseill\u00e8re en VAE qui vous proposera la formation ad\u00e9quate et vous accompagnera pendant toutes les \u00e9tapes de votre parcours de validation.<\/div>\n<div dir=\"auto\">\u00a0<\/div>\n<div dir=\"auto\"><strong>L&rsquo;Alternance, un tremplin vers l&rsquo;avenir !<\/strong><\/div>\n<div dir=\"auto\">Vous avez moins de 30 ans et souhaitez faire une formation en alternance, ou vous \u00eates employeur et vous souhaitez recruter un jeune en alternance mais les d\u00e9marches vous font h\u00e9siter, alors rencontrez notre \u00e9quipe du service des Entreprises et de l&rsquo;alternance qui saura vous accompagner dans vos d\u00e9marches.<\/div>\n<div dir=\"auto\">\u00a0<\/div>\n<div dir=\"auto\">Nos conseillers sont \u00e0 votre disposition pour tout renseignement, devis ou orientation, n&rsquo;h\u00e9sitez pas \u00e0 nous consulter.<\/div>\n<div dir=\"auto\">\u00a0<\/div>\n<div dir=\"auto\">Information au <strong>0262.42.28.37<\/strong> ou sur <a href=\"mailto:info@cnam.re\" target=\"_blank\" rel=\"noopener\">info@cnam.re<\/a><\/div>\n<div dir=\"auto\">\u00a0<\/div>\n<div dir=\"auto\"><img loading=\"lazy\" decoding=\"async\" class=\"wp-image-2151  aligncenter\" src=\"https:\/\/cnam.smade.fr\/wp-content\/uploads\/facebook-1200x1200-1.jpg\" alt=\"\" width=\"339\" height=\"339\" srcset=\"https:\/\/www.cnam.re\/site\/wp-content\/uploads\/facebook-1200x1200-1.jpg 1200w, https:\/\/www.cnam.re\/site\/wp-content\/uploads\/facebook-1200x1200-1-1080x1080.jpg 1080w, https:\/\/www.cnam.re\/site\/wp-content\/uploads\/facebook-1200x1200-1-340x340.jpg 340w, https:\/\/www.cnam.re\/site\/wp-content\/uploads\/facebook-1200x1200-1-460x460.jpg 460w, https:\/\/www.cnam.re\/site\/wp-content\/uploads\/facebook-1200x1200-1-700x700.jpg 700w, https:\/\/www.cnam.re\/site\/wp-content\/uploads\/facebook-1200x1200-1-1024x1024.jpg 1024w\" sizes=\"(max-width: 339px) 100vw, 339px\" \/> <img loading=\"lazy\" decoding=\"async\" class=\"wp-image-2152  aligncenter\" src=\"https:\/\/cnam.smade.fr\/wp-content\/uploads\/facebook-1200x1200-2.jpg\" alt=\"\" width=\"339\" height=\"339\" srcset=\"https:\/\/www.cnam.re\/site\/wp-content\/uploads\/facebook-1200x1200-2.jpg 1200w, https:\/\/www.cnam.re\/site\/wp-content\/uploads\/facebook-1200x1200-2-1080x1080.jpg 1080w, https:\/\/www.cnam.re\/site\/wp-content\/uploads\/facebook-1200x1200-2-340x340.jpg 340w, https:\/\/www.cnam.re\/site\/wp-content\/uploads\/facebook-1200x1200-2-460x460.jpg 460w, https:\/\/www.cnam.re\/site\/wp-content\/uploads\/facebook-1200x1200-2-700x700.jpg 700w, https:\/\/www.cnam.re\/site\/wp-content\/uploads\/facebook-1200x1200-2-1024x1024.jpg 1024w\" sizes=\"(max-width: 339px) 100vw, 339px\" \/> <img loading=\"lazy\" decoding=\"async\" class=\"wp-image-2153  aligncenter\" src=\"https:\/\/cnam.smade.fr\/wp-content\/uploads\/facebook-1200x1200-3.jpg\" alt=\"\" width=\"339\" height=\"339\" srcset=\"https:\/\/www.cnam.re\/site\/wp-content\/uploads\/facebook-1200x1200-3.jpg 1200w, https:\/\/www.cnam.re\/site\/wp-content\/uploads\/facebook-1200x1200-3-1080x1080.jpg 1080w, https:\/\/www.cnam.re\/site\/wp-content\/uploads\/facebook-1200x1200-3-340x340.jpg 340w, https:\/\/www.cnam.re\/site\/wp-content\/uploads\/facebook-1200x1200-3-460x460.jpg 460w, https:\/\/www.cnam.re\/site\/wp-content\/uploads\/facebook-1200x1200-3-700x700.jpg 700w, https:\/\/www.cnam.re\/site\/wp-content\/uploads\/facebook-1200x1200-3-1024x1024.jpg 1024w\" sizes=\"(max-width: 339px) 100vw, 339px\" \/> <img loading=\"lazy\" decoding=\"async\" class=\"wp-image-2156  aligncenter\" src=\"https:\/\/cnam.smade.fr\/wp-content\/uploads\/facebook-1200x1200-6.jpg\" alt=\"\" width=\"338\" height=\"338\" srcset=\"https:\/\/www.cnam.re\/site\/wp-content\/uploads\/facebook-1200x1200-6.jpg 1200w, https:\/\/www.cnam.re\/site\/wp-content\/uploads\/facebook-1200x1200-6-1080x1080.jpg 1080w, https:\/\/www.cnam.re\/site\/wp-content\/uploads\/facebook-1200x1200-6-340x340.jpg 340w, https:\/\/www.cnam.re\/site\/wp-content\/uploads\/facebook-1200x1200-6-460x460.jpg 460w, https:\/\/www.cnam.re\/site\/wp-content\/uploads\/facebook-1200x1200-6-700x700.jpg 700w, https:\/\/www.cnam.re\/site\/wp-content\/uploads\/facebook-1200x1200-6-1024x1024.jpg 1024w\" sizes=\"(max-width: 338px) 100vw, 338px\" \/><\/div>\n<div dir=\"auto\">\u00a0<\/div>\n<div dir=\"auto\">________<br \/><em><strong>Centre r\u00e9gional du Cnam<\/strong><\/em><br \/>Renseignements : 0262.42.28.37 ou <a href=\"mailto:info@cnam.re\" target=\"_blank\" rel=\"noopener\">info@cnam.re<\/a><br \/>18, rue Claude Chappe ZAC 2000 &#8211; 97420 Le Port<br \/>Contactez votre r\u00e9f\u00e9rent\u00b7e handicap : <a href=\"mailto:emicconi@cnam.re\" target=\"_blank\" rel=\"noopener\">emicconi@cnam.re<\/a><br \/>Mission Handi\u2019Cnam : <a href=\"http:\/\/r.cnam.fr\/handicnam\" target=\"_blank\" rel=\"noopener\">http:\/\/r.cnam.fr\/handicnam<\/a><\/div>\n<p>[\/et_pb_text][\/et_pb_column][\/et_pb_row][\/et_pb_section]<\/p>\n","protected":false},"excerpt":{"rendered":"<p>\ud835\udc00\ud835\udc2f\ud835\udc1e\ud835\udc1c \ud835\udc29\ud835\udc25\ud835\udc2e\ud835\udc2c \ud835\udc1d\ud835\udc1e \ud835\udfd0\ud835\udfd1\ud835\udfce \ud835\udc1c\ud835\udc1e\ud835\udc27\ud835\udc2d\ud835\udc2b\ud835\udc1e\ud835\udc2c \ud835\udc1e\ud835\udc27 \ud835\udc05\ud835\udc2b\ud835\udc1a\ud835\udc27\ud835\udc1c\ud835\udc1e, \ud835\udc22\ud835\udc25 \ud835\udc32 \ud835\udc1a \ud835\udc2d\ud835\udc28\ud835\udc2e\ud835\udc23\ud835\udc28\ud835\udc2e\ud835\udc2b\ud835\udc2c&#8230;<\/p>\n","protected":false},"author":1,"featured_media":2154,"comment_status":"closed","ping_status":"closed","sticky":false,"template":"","format":"standard","meta":{"_acf_changed":false,"_et_pb_use_builder":"on","_et_pb_old_content":"<div dir=\"auto\">\ud835\udc00\ud835\udc2f\ud835\udc1e\ud835\udc1c \ud835\udc29\ud835\udc25\ud835\udc2e\ud835\udc2c \ud835\udc1d\ud835\udc1e \ud835\udfd0\ud835\udfd1\ud835\udfce \ud835\udc1c\ud835\udc1e\ud835\udc27\ud835\udc2d\ud835\udc2b\ud835\udc1e\ud835\udc2c \ud835\udc1e\ud835\udc27 \ud835\udc05\ud835\udc2b\ud835\udc1a\ud835\udc27\ud835\udc1c\ud835\udc1e, \ud835\udc22\ud835\udc25 \ud835\udc32 \ud835\udc1a \ud835\udc2d\ud835\udc28\ud835\udc2e\ud835\udc23\ud835\udc28\ud835\udc2e\ud835\udc2b\ud835\udc2c \ud835\udc2e\ud835\udc27 \ud835\udc02\ud835\udc27\ud835\udc1a\ud835\udc26 \ud835\udc29\ud835\udc2b\ud835\udc1e\u0300\ud835\udc2c \ud835\udc1d\ud835\udc1e \ud835\udc1c\ud835\udc21\ud835\udc1e\ud835\udc33 \ud835\udc2f\ud835\udc28\ud835\udc2e\ud835\udc2c !<\/div><div dir=\"auto\"><div dir=\"auto\">Le Cnam f\u00eate cette ann\u00e9e les 70 ans de son r\u00e9seau. Depuis la cr\u00e9ation de son premier centre d\u2019enseignement au d\u00e9but des ann\u00e9es 50 jusqu\u2019\u00e0 aujourd\u2019hui, le Cnam s\u2019engage aupr\u00e8s de vous et sur l\u2019ensemble des territoires national et ultra-marins pour vous proposer des formations personnalis\u00e9es et de qualit\u00e9 !<\/div><\/div><div dir=\"auto\">Et oui, et le <strong>Cnam de la R\u00e9union<\/strong> ne fait pas exception et vous propose d\u00e8s la rentr\u00e9e de septembre 2022 des formations ancr\u00e9es dans la pratique professionnelle et qui visent \u00e0 d\u00e9velopper les comp\u00e9tences recherch\u00e9es par les entreprises qui recrutent.<\/div><div dir=\"auto\">En alternance, formation HTT en cours du soir, \u00e0 distance, formations \u00e0 la carte, validations des acquis, blocs de comp\u00e9tences, financement CPF \u2026 autant de modalit\u00e9s et dispositifs qui vous permettent de personnaliser votre parcours votre parcours en vous formant \u00e0 votre rythme et sans contraintes g\u00e9ographiques.<\/div><div dir=\"auto\">\u00a0<\/div><div dir=\"auto\">Les petits nouveaux qui font leur apparition cette ann\u00e9e :<\/div><div dir=\"auto\"><ul><li><strong>Licence pro<\/strong> Coordonnateur de projets en insertion sociale et professionnelle<\/li><li><strong>Licence pro<\/strong> Conseiller, souscripteur, Gestionnaire en Assurance<\/li><li><strong>Titre pro niv.6<\/strong> Responsable en projets de formation<\/li><li><strong>Titre pro niv.6<\/strong> Concepteur informatique en Cybers\u00e9curit\u00e9<\/li><li><strong>Licence g\u00e9n\u00e9rale L3<\/strong> \u00a0Gestionnaire immobilier<\/li><li><strong>Dipl\u00f4me d\u2019ing\u00e9nieur<\/strong> Automatique et Robotique<\/li><\/ul><\/div><div dir=\"auto\">\u00a0<\/div><div dir=\"auto\">Les cours d\u00e9marrent le 5 septembre 2002 pour la plupart des formations alors pour les retardataires, d\u00e9p\u00eachez-vous de venir vous inscrire. La cl\u00f4ture des inscriptions pour les enseignements du 1er semestre est au 31 octobre 2022.<\/div><div dir=\"auto\">\u00a0<\/div><div dir=\"auto\"><strong>Raccourcissez votre parcours et optez pour la VAE<\/strong><\/div><div dir=\"auto\">Vous souhaitez valoriser vos nombreuses ann\u00e9es d'exp\u00e9rience professionnelle en validant tout ou partie d'un dipl\u00f4me du CNAM, alors demandez un rendez-vous avec notre conseill\u00e8re en VAE qui vous proposera la formation ad\u00e9quate et vous accompagnera pendant toutes les \u00e9tapes de votre parcours de validation.<\/div><div dir=\"auto\">\u00a0<\/div><div dir=\"auto\"><strong>L'Alternance, un tremplin vers l'avenir !<\/strong><\/div><div dir=\"auto\">Vous avez moins de 30 ans et souhaitez faire une formation en alternance mais vous ne savez pas laquelle ou vous \u00eates employeur et vous souhaitez recruter un jeune en alternance mais les d\u00e9marches vous font h\u00e9siter, alors rencontrez notre \u00e9quipe du service des Entreprises et de l'alternance qui saura vous rassurer et vous aider dans vos d\u00e9marches.<\/div><div dir=\"auto\">\u00a0<\/div><div dir=\"auto\">Nos conseillers sont \u00e0 votre disposition pour tout renseignement, devis ou orientation, n'h\u00e9sitez pas \u00e0 nous consulter.<\/div><div dir=\"auto\">\u00a0<\/div><div dir=\"auto\">Information au <strong>0262.42.28.37<\/strong> ou sur <a href=\"mailto:info@cnam.re\">info@cnam.re<\/a><\/div>","_et_gb_content_width":"","footnotes":""},"categories":[21],"tags":[],"class_list":["post-80","post","type-post","status-publish","format-standard","has-post-thumbnail","hentry","category-actualites"],"acf":[],"_links":{"self":[{"href":"https:\/\/www.cnam.re\/site\/wp-json\/wp\/v2\/posts\/80","targetHints":{"allow":["GET"]}}],"collection":[{"href":"https:\/\/www.cnam.re\/site\/wp-json\/wp\/v2\/posts"}],"about":[{"href":"https:\/\/www.cnam.re\/site\/wp-json\/wp\/v2\/types\/post"}],"author":[{"embeddable":true,"href":"https:\/\/www.cnam.re\/site\/wp-json\/wp\/v2\/users\/1"}],"replies":[{"embeddable":true,"href":"https:\/\/www.cnam.re\/site\/wp-json\/wp\/v2\/comments?post=80"}],"version-history":[{"count":17,"href":"https:\/\/www.cnam.re\/site\/wp-json\/wp\/v2\/posts\/80\/revisions"}],"predecessor-version":[{"id":3120,"href":"https:\/\/www.cnam.re\/site\/wp-json\/wp\/v2\/posts\/80\/revisions\/3120"}],"wp:featuredmedia":[{"embeddable":true,"href":"https:\/\/www.cnam.re\/site\/wp-json\/wp\/v2\/media\/2154"}],"wp:attachment":[{"href":"https:\/\/www.cnam.re\/site\/wp-json\/wp\/v2\/media?parent=80"}],"wp:term":[{"taxonomy":"category","embeddable":true,"href":"https:\/\/www.cnam.re\/site\/wp-json\/wp\/v2\/categories?post=80"},{"taxonomy":"post_tag","embeddable":true,"href":"https:\/\/www.cnam.re\/site\/wp-json\/wp\/v2\/tags?post=80"}],"curies":[{"name":"wp","href":"https:\/\/api.w.org\/{rel}","templated":true}]}}