{"id":4738,"date":"2025-08-14T14:10:55","date_gmt":"2025-08-14T10:10:55","guid":{"rendered":"https:\/\/www.cnam.re\/site\/?p=4738"},"modified":"2025-12-17T15:13:18","modified_gmt":"2025-12-17T11:13:18","slug":"soutenance-lp-guide-conferencier-juillet2025","status":"publish","type":"post","link":"https:\/\/www.cnam.re\/site\/soutenance-lp-guide-conferencier-juillet2025\/","title":{"rendered":"Premi\u00e8re promotion dipl\u00f4m\u00e9e de la Licence Professionnelle Guide Conf\u00e9rencier du Cnam R\u00e9union"},"content":{"rendered":"<p>[et_pb_section fb_built=\u00a0\u00bb1&Prime; _builder_version=\u00a0\u00bb4.16&Prime; da_disable_devices=\u00a0\u00bboff|off|off\u00a0\u00bb global_colors_info=\u00a0\u00bb{}\u00a0\u00bb da_is_popup=\u00a0\u00bboff\u00a0\u00bb da_exit_intent=\u00a0\u00bboff\u00a0\u00bb da_has_close=\u00a0\u00bbon\u00a0\u00bb da_alt_close=\u00a0\u00bboff\u00a0\u00bb da_dark_close=\u00a0\u00bboff\u00a0\u00bb da_not_modal=\u00a0\u00bbon\u00a0\u00bb da_is_singular=\u00a0\u00bboff\u00a0\u00bb da_with_loader=\u00a0\u00bboff\u00a0\u00bb da_has_shadow=\u00a0\u00bbon\u00a0\u00bb][et_pb_row _builder_version=\u00a0\u00bb4.16&Prime; background_size=\u00a0\u00bbinitial\u00a0\u00bb background_position=\u00a0\u00bbtop_left\u00a0\u00bb background_repeat=\u00a0\u00bbrepeat\u00a0\u00bb global_colors_info=\u00a0\u00bb{}\u00a0\u00bb][et_pb_column type=\u00a0\u00bb4_4&Prime; _builder_version=\u00a0\u00bb4.16&Prime; custom_padding=\u00a0\u00bb|||\u00a0\u00bb global_colors_info=\u00a0\u00bb{}\u00a0\u00bb custom_padding__hover=\u00a0\u00bb|||\u00a0\u00bb][et_pb_text _builder_version=\u00a0\u00bb4.27.5&Prime; background_size=\u00a0\u00bbinitial\u00a0\u00bb background_position=\u00a0\u00bbtop_left\u00a0\u00bb background_repeat=\u00a0\u00bbrepeat\u00a0\u00bb global_colors_info=\u00a0\u00bb{}\u00a0\u00bb]<\/p>\n<div class=\"xdj266r x11i5rnm xat24cr x1mh8g0r x1vvkbs x126k92a\">\n<div dir=\"auto\">\u00a0<\/div>\n<\/div>\n<div dir=\"auto\">\u00a0<\/div>\n<p data-start=\"255\" data-end=\"623\">Le Cnam de La R\u00e9union a c\u00e9l\u00e9br\u00e9 un moment important avec la <strong data-start=\"341\" data-end=\"442\">soutenance des m\u00e9moires de la premi\u00e8re promotion de la Licence Professionnelle Guide Conf\u00e9rencier<\/strong>. Une \u00e9tape symbolique qui vient couronner <strong data-start=\"485\" data-end=\"526\">plusieurs mois de formation exigeante<\/strong>, alliant savoirs th\u00e9oriques, pratiques de terrain et passion pour la transmission du patrimoine.<\/p>\n<p data-start=\"625\" data-end=\"875\">Les apprenants ont pr\u00e9sent\u00e9 leur travail devant un jury pr\u00e9sid\u00e9 par <strong data-start=\"693\" data-end=\"709\">Marine Loisy<\/strong>, responsable nationale de la Licence Professionnelle Guide Conf\u00e9rencier, dont la pr\u00e9sence sur le territoire a donn\u00e9 \u00e0 cet \u00e9v\u00e9nement une dimension toute particuli\u00e8re.<\/p>\n<p data-start=\"877\" data-end=\"1155\">Cette premi\u00e8re promotion illustre pleinement les objectifs du dipl\u00f4me : former des <strong data-start=\"960\" data-end=\"1062\">professionnels capables de valoriser, interpr\u00e9ter et transmettre le patrimoine culturel et naturel<\/strong>, tout en s\u2019inscrivant dans une d\u00e9marche de m\u00e9diation adapt\u00e9e aux publics et aux territoires.<\/p>\n<p data-start=\"1157\" data-end=\"1237\">\ud83d\udcac <strong data-start=\"1160\" data-end=\"1170\">C\u00e9dric<\/strong>, l\u2019un des candidats de cette promotion, t\u00e9moigne de son parcours :<\/p>\n<blockquote data-start=\"1238\" data-end=\"1319\">\n<p data-start=\"1240\" data-end=\"1319\"><em data-start=\"1240\" data-end=\"1319\">\u00ab J\u2019aime transmettre, j\u2019aime le patrimoine, c\u2019est quelque chose de vivant ! \u00bb<\/em><\/p>\n<\/blockquote>\n<p data-start=\"1321\" data-end=\"1760\">Un engagement et une conviction partag\u00e9s par l\u2019ensemble des \u00e9tudiants, qui ont tenu \u00e0 conclure cette aventure collective par un <strong data-start=\"1449\" data-end=\"1486\">exercice pratique grandeur nature<\/strong>. \u00c0 l\u2019occasion de la venue de Mme Loisy, ils ont ainsi organis\u00e9 une <strong data-start=\"1554\" data-end=\"1592\">visite guid\u00e9e du cirque de Salazie<\/strong>, retra\u00e7ant l\u2019histoire du site et de ses habitants \u2014 une mise en situation professionnelle fid\u00e8le \u00e0 l\u2019esprit du dipl\u00f4me et aux r\u00e9alit\u00e9s du m\u00e9tier de guide conf\u00e9rencier.<\/p>\n<p data-start=\"1762\" data-end=\"2016\">Le Cnam de La R\u00e9union adresse ses <strong data-start=\"1796\" data-end=\"1867\">f\u00e9licitations \u00e0 l\u2019ensemble des dipl\u00f4m\u00e9s de cette premi\u00e8re promotion<\/strong>, d\u00e9sormais <strong data-start=\"1879\" data-end=\"1932\">v\u00e9ritables ambassadeurs du patrimoine r\u00e9unionnais<\/strong>, et remercie l\u2019\u00e9quipe p\u00e9dagogique pour son accompagnement tout au long du parcours.<\/p>\n<p>&nbsp;<\/p>\n<p><a href=\"https:\/\/www.cnam.re\/site\/wp-content\/uploads\/2025.08_soutenance_LP_Guide_conferencier.mp4\">Retour sur la soutenance et interview de Marine LOISY<\/a><\/p>\n<p>&nbsp;<\/p>\n<p data-start=\"251\" data-end=\"539\">\ud83d\udd17 <a href=\"https:\/\/www.cnam.re\/site\/diplome\/guide-conferencier\/\" target=\"_blank\" rel=\"noopener\"><strong>En savoir plus sur la Licence professionnelle Guide conf\u00e9rencier<\/strong><\/a><\/p>\n<div dir=\"auto\">\n<p>#CnamR\u00e9union #LicenceProfessionnelle #GuideConf\u00e9rencier #Patrimoine #TransmissionCulturelle #LaR\u00e9union #Salazie #FormationProfessionnelle<\/p>\n<p>&nbsp;<\/p>\n<p>________<\/p>\n<\/div>\n<div dir=\"auto\"><em><strong>Centre r\u00e9gional du Cnam<\/strong><\/em><br \/>Renseignements : 0262.42.28.37 ou <a href=\"mailto:info@cnam.re\" target=\"_blank\" rel=\"noopener\">info@cnam.re<\/a><br \/>18, rue Claude Chappe ZAC 2000 &#8211; 97420 Le Port<br \/>Contactez votre r\u00e9f\u00e9rent\u00b7e handicap : <a href=\"mailto:emicconi@cnam.re\">emicconi@cnam.re<\/a> \/ <a href=\"mailto:sferrand@cnam.re\">sferrand@cnam.re<\/a><\/div>\n<div dir=\"auto\">Mission Handi\u2019Cnam : <a href=\"http:\/\/r.cnam.fr\/handicnam\" target=\"_blank\" rel=\"noopener\">http:\/\/r.cnam.fr\/handicnam<\/a><\/div>\n<p>[\/et_pb_text][\/et_pb_column][\/et_pb_row][\/et_pb_section][et_pb_section fb_built=\u00a0\u00bb1&Prime; _builder_version=\u00a0\u00bb4.27.5&Prime; _module_preset=\u00a0\u00bbdefault\u00a0\u00bb da_disable_devices=\u00a0\u00bboff|off|off\u00a0\u00bb global_colors_info=\u00a0\u00bb{}\u00a0\u00bb da_is_popup=\u00a0\u00bboff\u00a0\u00bb da_exit_intent=\u00a0\u00bboff\u00a0\u00bb da_has_close=\u00a0\u00bbon\u00a0\u00bb da_alt_close=\u00a0\u00bboff\u00a0\u00bb da_dark_close=\u00a0\u00bboff\u00a0\u00bb da_not_modal=\u00a0\u00bbon\u00a0\u00bb da_is_singular=\u00a0\u00bboff\u00a0\u00bb da_with_loader=\u00a0\u00bboff\u00a0\u00bb da_has_shadow=\u00a0\u00bbon\u00a0\u00bb][et_pb_row _builder_version=\u00a0\u00bb4.27.5&Prime; _module_preset=\u00a0\u00bbdefault\u00a0\u00bb global_colors_info=\u00a0\u00bb{}\u00a0\u00bb][et_pb_column type=\u00a0\u00bb4_4&Prime; _builder_version=\u00a0\u00bb4.27.5&Prime; _module_preset=\u00a0\u00bbdefault\u00a0\u00bb global_colors_info=\u00a0\u00bb{}\u00a0\u00bb][et_pb_gallery gallery_ids=\u00a0\u00bb4750,4749,4748,4747,4752,4751&Prime; _builder_version=\u00a0\u00bb4.27.5&Prime; _module_preset=\u00a0\u00bbdefault\u00a0\u00bb hover_enabled=\u00a0\u00bb0&Prime; global_colors_info=\u00a0\u00bb{}\u00a0\u00bb sticky_enabled=\u00a0\u00bb0&Prime;][\/et_pb_gallery][\/et_pb_column][\/et_pb_row][\/et_pb_section]<\/p>\n","protected":false},"excerpt":{"rendered":"<p>\u00a0 \u00a0 Le Cnam de La R\u00e9union a c\u00e9l\u00e9br\u00e9 un moment&#8230;<\/p>\n","protected":false},"author":2,"featured_media":4754,"comment_status":"closed","ping_status":"closed","sticky":false,"template":"","format":"standard","meta":{"_acf_changed":false,"_et_pb_use_builder":"on","_et_pb_old_content":"<div dir=\"auto\">\ud835\udc00\ud835\udc2f\ud835\udc1e\ud835\udc1c \ud835\udc29\ud835\udc25\ud835\udc2e\ud835\udc2c \ud835\udc1d\ud835\udc1e \ud835\udfd0\ud835\udfd1\ud835\udfce \ud835\udc1c\ud835\udc1e\ud835\udc27\ud835\udc2d\ud835\udc2b\ud835\udc1e\ud835\udc2c \ud835\udc1e\ud835\udc27 \ud835\udc05\ud835\udc2b\ud835\udc1a\ud835\udc27\ud835\udc1c\ud835\udc1e, \ud835\udc22\ud835\udc25 \ud835\udc32 \ud835\udc1a \ud835\udc2d\ud835\udc28\ud835\udc2e\ud835\udc23\ud835\udc28\ud835\udc2e\ud835\udc2b\ud835\udc2c \ud835\udc2e\ud835\udc27 \ud835\udc02\ud835\udc27\ud835\udc1a\ud835\udc26 \ud835\udc29\ud835\udc2b\ud835\udc1e\u0300\ud835\udc2c \ud835\udc1d\ud835\udc1e \ud835\udc1c\ud835\udc21\ud835\udc1e\ud835\udc33 \ud835\udc2f\ud835\udc28\ud835\udc2e\ud835\udc2c !<\/div><div dir=\"auto\"><div dir=\"auto\">Le Cnam f\u00eate cette ann\u00e9e les 70 ans de son r\u00e9seau. Depuis la cr\u00e9ation de son premier centre d\u2019enseignement au d\u00e9but des ann\u00e9es 50 jusqu\u2019\u00e0 aujourd\u2019hui, le Cnam s\u2019engage aupr\u00e8s de vous et sur l\u2019ensemble des territoires national et ultra-marins pour vous proposer des formations personnalis\u00e9es et de qualit\u00e9 !<\/div><\/div><div dir=\"auto\">Et oui, et le <strong>Cnam de la R\u00e9union<\/strong> ne fait pas exception et vous propose d\u00e8s la rentr\u00e9e de septembre 2022 des formations ancr\u00e9es dans la pratique professionnelle et qui visent \u00e0 d\u00e9velopper les comp\u00e9tences recherch\u00e9es par les entreprises qui recrutent.<\/div><div dir=\"auto\">En alternance, formation HTT en cours du soir, \u00e0 distance, formations \u00e0 la carte, validations des acquis, blocs de comp\u00e9tences, financement CPF \u2026 autant de modalit\u00e9s et dispositifs qui vous permettent de personnaliser votre parcours votre parcours en vous formant \u00e0 votre rythme et sans contraintes g\u00e9ographiques.<\/div><div dir=\"auto\">\u00a0<\/div><div dir=\"auto\">Les petits nouveaux qui font leur apparition cette ann\u00e9e :<\/div><div dir=\"auto\"><ul><li><strong>Licence pro<\/strong> Coordonnateur de projets en insertion sociale et professionnelle<\/li><li><strong>Licence pro<\/strong> Conseiller, souscripteur, Gestionnaire en Assurance<\/li><li><strong>Titre pro niv.6<\/strong> Responsable en projets de formation<\/li><li><strong>Titre pro niv.6<\/strong> Concepteur informatique en Cybers\u00e9curit\u00e9<\/li><li><strong>Licence g\u00e9n\u00e9rale L3<\/strong> \u00a0Gestionnaire immobilier<\/li><li><strong>Dipl\u00f4me d\u2019ing\u00e9nieur<\/strong> Automatique et Robotique<\/li><\/ul><\/div><div dir=\"auto\">\u00a0<\/div><div dir=\"auto\">Les cours d\u00e9marrent le 5 septembre 2002 pour la plupart des formations alors pour les retardataires, d\u00e9p\u00eachez-vous de venir vous inscrire. La cl\u00f4ture des inscriptions pour les enseignements du 1er semestre est au 31 octobre 2022.<\/div><div dir=\"auto\">\u00a0<\/div><div dir=\"auto\"><strong>Raccourcissez votre parcours et optez pour la VAE<\/strong><\/div><div dir=\"auto\">Vous souhaitez valoriser vos nombreuses ann\u00e9es d'exp\u00e9rience professionnelle en validant tout ou partie d'un dipl\u00f4me du CNAM, alors demandez un rendez-vous avec notre conseill\u00e8re en VAE qui vous proposera la formation ad\u00e9quate et vous accompagnera pendant toutes les \u00e9tapes de votre parcours de validation.<\/div><div dir=\"auto\">\u00a0<\/div><div dir=\"auto\"><strong>L'Alternance, un tremplin vers l'avenir !<\/strong><\/div><div dir=\"auto\">Vous avez moins de 30 ans et souhaitez faire une formation en alternance mais vous ne savez pas laquelle ou vous \u00eates employeur et vous souhaitez recruter un jeune en alternance mais les d\u00e9marches vous font h\u00e9siter, alors rencontrez notre \u00e9quipe du service des Entreprises et de l'alternance qui saura vous rassurer et vous aider dans vos d\u00e9marches.<\/div><div dir=\"auto\">\u00a0<\/div><div dir=\"auto\">Nos conseillers sont \u00e0 votre disposition pour tout renseignement, devis ou orientation, n'h\u00e9sitez pas \u00e0 nous consulter.<\/div><div dir=\"auto\">\u00a0<\/div><div dir=\"auto\">Information au <strong>0262.42.28.37<\/strong> ou sur <a href=\"mailto:info@cnam.re\">info@cnam.re<\/a><\/div>","_et_gb_content_width":"","footnotes":""},"categories":[21],"tags":[],"class_list":["post-4738","post","type-post","status-publish","format-standard","has-post-thumbnail","hentry","category-actualites"],"acf":[],"_links":{"self":[{"href":"https:\/\/www.cnam.re\/site\/wp-json\/wp\/v2\/posts\/4738","targetHints":{"allow":["GET"]}}],"collection":[{"href":"https:\/\/www.cnam.re\/site\/wp-json\/wp\/v2\/posts"}],"about":[{"href":"https:\/\/www.cnam.re\/site\/wp-json\/wp\/v2\/types\/post"}],"author":[{"embeddable":true,"href":"https:\/\/www.cnam.re\/site\/wp-json\/wp\/v2\/users\/2"}],"replies":[{"embeddable":true,"href":"https:\/\/www.cnam.re\/site\/wp-json\/wp\/v2\/comments?post=4738"}],"version-history":[{"count":7,"href":"https:\/\/www.cnam.re\/site\/wp-json\/wp\/v2\/posts\/4738\/revisions"}],"predecessor-version":[{"id":4760,"href":"https:\/\/www.cnam.re\/site\/wp-json\/wp\/v2\/posts\/4738\/revisions\/4760"}],"wp:featuredmedia":[{"embeddable":true,"href":"https:\/\/www.cnam.re\/site\/wp-json\/wp\/v2\/media\/4754"}],"wp:attachment":[{"href":"https:\/\/www.cnam.re\/site\/wp-json\/wp\/v2\/media?parent=4738"}],"wp:term":[{"taxonomy":"category","embeddable":true,"href":"https:\/\/www.cnam.re\/site\/wp-json\/wp\/v2\/categories?post=4738"},{"taxonomy":"post_tag","embeddable":true,"href":"https:\/\/www.cnam.re\/site\/wp-json\/wp\/v2\/tags?post=4738"}],"curies":[{"name":"wp","href":"https:\/\/api.w.org\/{rel}","templated":true}]}}