{"id":4665,"date":"2025-10-29T15:43:56","date_gmt":"2025-10-29T11:43:56","guid":{"rendered":"https:\/\/www.cnam.re\/site\/?p=4665"},"modified":"2025-10-29T15:44:00","modified_gmt":"2025-10-29T11:44:00","slug":"salon-de-lemploi-et-de-la-formation-review","status":"publish","type":"post","link":"https:\/\/www.cnam.re\/site\/salon-de-lemploi-et-de-la-formation-review\/","title":{"rendered":"Salon de l&rsquo;Emploi et de la Formation : retour en images"},"content":{"rendered":"<p>[et_pb_section fb_built=\u00a0\u00bb1&Prime; _builder_version=\u00a0\u00bb4.16&Prime; da_disable_devices=\u00a0\u00bboff|off|off\u00a0\u00bb global_colors_info=\u00a0\u00bb{}\u00a0\u00bb da_is_popup=\u00a0\u00bboff\u00a0\u00bb da_exit_intent=\u00a0\u00bboff\u00a0\u00bb da_has_close=\u00a0\u00bbon\u00a0\u00bb da_alt_close=\u00a0\u00bboff\u00a0\u00bb da_dark_close=\u00a0\u00bboff\u00a0\u00bb da_not_modal=\u00a0\u00bbon\u00a0\u00bb da_is_singular=\u00a0\u00bboff\u00a0\u00bb da_with_loader=\u00a0\u00bboff\u00a0\u00bb da_has_shadow=\u00a0\u00bbon\u00a0\u00bb][et_pb_row _builder_version=\u00a0\u00bb4.16&Prime; background_size=\u00a0\u00bbinitial\u00a0\u00bb background_position=\u00a0\u00bbtop_left\u00a0\u00bb background_repeat=\u00a0\u00bbrepeat\u00a0\u00bb global_colors_info=\u00a0\u00bb{}\u00a0\u00bb][et_pb_column type=\u00a0\u00bb4_4&Prime; _builder_version=\u00a0\u00bb4.16&Prime; custom_padding=\u00a0\u00bb|||\u00a0\u00bb global_colors_info=\u00a0\u00bb{}\u00a0\u00bb custom_padding__hover=\u00a0\u00bb|||\u00a0\u00bb][et_pb_text _builder_version=\u00a0\u00bb4.27.4&Prime; background_size=\u00a0\u00bbinitial\u00a0\u00bb background_position=\u00a0\u00bbtop_left\u00a0\u00bb background_repeat=\u00a0\u00bbrepeat\u00a0\u00bb hover_enabled=\u00a0\u00bb0&Prime; global_colors_info=\u00a0\u00bb{}\u00a0\u00bb admin_label=\u00a0\u00bbText\u00a0\u00bb sticky_enabled=\u00a0\u00bb0&Prime;]<\/p>\n<div class=\"xdj266r x11i5rnm xat24cr x1mh8g0r x1vvkbs x126k92a\">\n<div dir=\"auto\">\u00a0<\/div>\n<\/div>\n<div dir=\"auto\">\u00a0<\/div>\n<h3 data-start=\"133\" data-end=\"197\">Retour sur le Salon de l\u2019Emploi et de la Formation 2025<\/h3>\n<p data-start=\"199\" data-end=\"458\">Le Cnam R\u00e9union a eu le plaisir de participer au <strong data-start=\"248\" data-end=\"288\">Salon de l\u2019Emploi et de la Formation<\/strong>, les <strong data-start=\"294\" data-end=\"326\">24 et 25 octobre \u00e0 la Nordev<\/strong>, aux c\u00f4t\u00e9s de plus de 60 exposants r\u00e9unis autour d\u2019un m\u00eame objectif : accompagner les R\u00e9unionnais dans leur projet professionnel.<\/p>\n<p data-start=\"460\" data-end=\"777\"><strong data-start=\"463\" data-end=\"526\">Beaucoup de monde, des \u00e9changes riches et une belle \u00e9nergie<\/strong> sur notre stand tout au long de ces deux journ\u00e9es !<br data-start=\"578\" data-end=\"581\" \/>Nous avons eu le plaisir d\u2019accueillir de nombreux visiteurs venus se renseigner sur nos formations dipl\u00f4mantes, nos dispositifs de financement et nos parcours accessibles tout au long de la vie.<\/p>\n<blockquote>\n<p data-start=\"781\" data-end=\"959\">\u00ab\u00a0Se former, c\u2019est investir dans son avenir. C\u2019est aussi se donner les moyens de s\u2019adapter \u00e0 un monde professionnel en constante \u00e9volution\u00a0\u00bb, rappelle l\u2019\u00e9quipe du Cnam R\u00e9union.<\/p>\n<\/blockquote>\n<p data-start=\"961\" data-end=\"1275\"><strong data-start=\"964\" data-end=\"1039\">Un grand merci \u00e0 toutes celles et ceux qui sont venus \u00e0 notre rencontre<\/strong>, ainsi qu\u2019\u00e0 nos <strong data-start=\"1056\" data-end=\"1087\">deux apprentis ambassadeurs<\/strong> qui ont repr\u00e9sent\u00e9 avec fiert\u00e9 et professionnalisme le Cnam R\u00e9union tout au long du salon.<br data-start=\"1178\" data-end=\"1181\" \/>Leur engagement et leur enthousiasme ont largement contribu\u00e9 \u00e0 la r\u00e9ussite de cet \u00e9v\u00e9nement.<\/p>\n<p data-start=\"1277\" data-end=\"1540\">\ud83d\udcf8 Revivez les temps forts du salon en images sur nos r\u00e9seaux !<br data-start=\"1340\" data-end=\"1343\" \/>Et si vous n\u2019avez pas encore saut\u00e9 le pas, <strong data-start=\"1386\" data-end=\"1438\">il est encore temps de rejoindre le Cnam R\u00e9union<\/strong> : nos conseillers vous accompagnent dans votre projet de formation et vos d\u00e9marches de financement.<\/p>\n<p data-start=\"919\" data-end=\"990\">\ud83d\udd17 En savoir plus : <a class=\"decorated-link\" href=\"https:\/\/www.cnam.re\" target=\"_new\" rel=\"noopener\" data-start=\"1545\" data-end=\"1579\">www.cnam.re<\/a><\/p>\n<p data-start=\"992\" data-end=\"1056\">\n<p data-start=\"992\" data-end=\"1056\">#SalonEmploi #FormationProfessionnelle #CnamR\u00e9union #SeFormerToutAuLongDeLaVie #Apprentissage #Orientation #R\u00e9union<\/p>\n<div dir=\"auto\">\n<p>________<\/p>\n<\/div>\n<div dir=\"auto\"><em><strong>Centre r\u00e9gional du Cnam<\/strong><\/em><br \/>Renseignements : 0262.42.28.37 ou <a href=\"mailto:info@cnam.re\" target=\"_blank\" rel=\"noopener\">info@cnam.re<\/a><br \/>18, rue Claude Chappe ZAC 2000 &#8211; 97420 Le Port<br \/>Contactez votre r\u00e9f\u00e9rent\u00b7e handicap : <a href=\"mailto:emicconi@cnam.re\">emicconi@cnam.re<\/a> \/ <a href=\"mailto:sferrand@cnam.re\">sferrand@cnam.re<\/a><\/div>\n<div dir=\"auto\">Mission Handi\u2019Cnam : <a href=\"http:\/\/r.cnam.fr\/handicnam\" target=\"_blank\" rel=\"noopener\">http:\/\/r.cnam.fr\/handicnam<\/a><\/div>\n<p>[\/et_pb_text][et_pb_divider _builder_version=\u00a0\u00bb4.27.4&Prime; _module_preset=\u00a0\u00bbdefault\u00a0\u00bb hover_enabled=\u00a0\u00bb0&Prime; sticky_enabled=\u00a0\u00bb0&Prime;][\/et_pb_divider][et_pb_gallery _builder_version=\u00a0\u00bb4.27.4&Prime; _module_preset=\u00a0\u00bbdefault\u00a0\u00bb gallery_ids=\u00a0\u00bb4663,4662,4661,4660,4659,4658,4657,4656,4655,4654,4653&Prime; hover_enabled=\u00a0\u00bb0&Prime; sticky_enabled=\u00a0\u00bb0&Prime;][\/et_pb_gallery][\/et_pb_column][\/et_pb_row][\/et_pb_section]<\/p>\n","protected":false},"excerpt":{"rendered":"<p>\u00a0 \u00a0 Retour sur le Salon de l\u2019Emploi et de la&#8230;<\/p>\n","protected":false},"author":2,"featured_media":4658,"comment_status":"closed","ping_status":"closed","sticky":false,"template":"","format":"standard","meta":{"_acf_changed":false,"_et_pb_use_builder":"on","_et_pb_old_content":"<div dir=\"auto\">\ud835\udc00\ud835\udc2f\ud835\udc1e\ud835\udc1c \ud835\udc29\ud835\udc25\ud835\udc2e\ud835\udc2c \ud835\udc1d\ud835\udc1e \ud835\udfd0\ud835\udfd1\ud835\udfce \ud835\udc1c\ud835\udc1e\ud835\udc27\ud835\udc2d\ud835\udc2b\ud835\udc1e\ud835\udc2c \ud835\udc1e\ud835\udc27 \ud835\udc05\ud835\udc2b\ud835\udc1a\ud835\udc27\ud835\udc1c\ud835\udc1e, \ud835\udc22\ud835\udc25 \ud835\udc32 \ud835\udc1a \ud835\udc2d\ud835\udc28\ud835\udc2e\ud835\udc23\ud835\udc28\ud835\udc2e\ud835\udc2b\ud835\udc2c \ud835\udc2e\ud835\udc27 \ud835\udc02\ud835\udc27\ud835\udc1a\ud835\udc26 \ud835\udc29\ud835\udc2b\ud835\udc1e\u0300\ud835\udc2c \ud835\udc1d\ud835\udc1e \ud835\udc1c\ud835\udc21\ud835\udc1e\ud835\udc33 \ud835\udc2f\ud835\udc28\ud835\udc2e\ud835\udc2c !<\/div><div dir=\"auto\"><div dir=\"auto\">Le Cnam f\u00eate cette ann\u00e9e les 70 ans de son r\u00e9seau. Depuis la cr\u00e9ation de son premier centre d\u2019enseignement au d\u00e9but des ann\u00e9es 50 jusqu\u2019\u00e0 aujourd\u2019hui, le Cnam s\u2019engage aupr\u00e8s de vous et sur l\u2019ensemble des territoires national et ultra-marins pour vous proposer des formations personnalis\u00e9es et de qualit\u00e9 !<\/div><\/div><div dir=\"auto\">Et oui, et le <strong>Cnam de la R\u00e9union<\/strong> ne fait pas exception et vous propose d\u00e8s la rentr\u00e9e de septembre 2022 des formations ancr\u00e9es dans la pratique professionnelle et qui visent \u00e0 d\u00e9velopper les comp\u00e9tences recherch\u00e9es par les entreprises qui recrutent.<\/div><div dir=\"auto\">En alternance, formation HTT en cours du soir, \u00e0 distance, formations \u00e0 la carte, validations des acquis, blocs de comp\u00e9tences, financement CPF \u2026 autant de modalit\u00e9s et dispositifs qui vous permettent de personnaliser votre parcours votre parcours en vous formant \u00e0 votre rythme et sans contraintes g\u00e9ographiques.<\/div><div dir=\"auto\">\u00a0<\/div><div dir=\"auto\">Les petits nouveaux qui font leur apparition cette ann\u00e9e :<\/div><div dir=\"auto\"><ul><li><strong>Licence pro<\/strong> Coordonnateur de projets en insertion sociale et professionnelle<\/li><li><strong>Licence pro<\/strong> Conseiller, souscripteur, Gestionnaire en Assurance<\/li><li><strong>Titre pro niv.6<\/strong> Responsable en projets de formation<\/li><li><strong>Titre pro niv.6<\/strong> Concepteur informatique en Cybers\u00e9curit\u00e9<\/li><li><strong>Licence g\u00e9n\u00e9rale L3<\/strong> \u00a0Gestionnaire immobilier<\/li><li><strong>Dipl\u00f4me d\u2019ing\u00e9nieur<\/strong> Automatique et Robotique<\/li><\/ul><\/div><div dir=\"auto\">\u00a0<\/div><div dir=\"auto\">Les cours d\u00e9marrent le 5 septembre 2002 pour la plupart des formations alors pour les retardataires, d\u00e9p\u00eachez-vous de venir vous inscrire. La cl\u00f4ture des inscriptions pour les enseignements du 1er semestre est au 31 octobre 2022.<\/div><div dir=\"auto\">\u00a0<\/div><div dir=\"auto\"><strong>Raccourcissez votre parcours et optez pour la VAE<\/strong><\/div><div dir=\"auto\">Vous souhaitez valoriser vos nombreuses ann\u00e9es d'exp\u00e9rience professionnelle en validant tout ou partie d'un dipl\u00f4me du CNAM, alors demandez un rendez-vous avec notre conseill\u00e8re en VAE qui vous proposera la formation ad\u00e9quate et vous accompagnera pendant toutes les \u00e9tapes de votre parcours de validation.<\/div><div dir=\"auto\">\u00a0<\/div><div dir=\"auto\"><strong>L'Alternance, un tremplin vers l'avenir !<\/strong><\/div><div dir=\"auto\">Vous avez moins de 30 ans et souhaitez faire une formation en alternance mais vous ne savez pas laquelle ou vous \u00eates employeur et vous souhaitez recruter un jeune en alternance mais les d\u00e9marches vous font h\u00e9siter, alors rencontrez notre \u00e9quipe du service des Entreprises et de l'alternance qui saura vous rassurer et vous aider dans vos d\u00e9marches.<\/div><div dir=\"auto\">\u00a0<\/div><div dir=\"auto\">Nos conseillers sont \u00e0 votre disposition pour tout renseignement, devis ou orientation, n'h\u00e9sitez pas \u00e0 nous consulter.<\/div><div dir=\"auto\">\u00a0<\/div><div dir=\"auto\">Information au <strong>0262.42.28.37<\/strong> ou sur <a href=\"mailto:info@cnam.re\">info@cnam.re<\/a><\/div>","_et_gb_content_width":"","footnotes":""},"categories":[21],"tags":[],"class_list":["post-4665","post","type-post","status-publish","format-standard","has-post-thumbnail","hentry","category-actualites"],"acf":[],"_links":{"self":[{"href":"https:\/\/www.cnam.re\/site\/wp-json\/wp\/v2\/posts\/4665","targetHints":{"allow":["GET"]}}],"collection":[{"href":"https:\/\/www.cnam.re\/site\/wp-json\/wp\/v2\/posts"}],"about":[{"href":"https:\/\/www.cnam.re\/site\/wp-json\/wp\/v2\/types\/post"}],"author":[{"embeddable":true,"href":"https:\/\/www.cnam.re\/site\/wp-json\/wp\/v2\/users\/2"}],"replies":[{"embeddable":true,"href":"https:\/\/www.cnam.re\/site\/wp-json\/wp\/v2\/comments?post=4665"}],"version-history":[{"count":6,"href":"https:\/\/www.cnam.re\/site\/wp-json\/wp\/v2\/posts\/4665\/revisions"}],"predecessor-version":[{"id":4672,"href":"https:\/\/www.cnam.re\/site\/wp-json\/wp\/v2\/posts\/4665\/revisions\/4672"}],"wp:featuredmedia":[{"embeddable":true,"href":"https:\/\/www.cnam.re\/site\/wp-json\/wp\/v2\/media\/4658"}],"wp:attachment":[{"href":"https:\/\/www.cnam.re\/site\/wp-json\/wp\/v2\/media?parent=4665"}],"wp:term":[{"taxonomy":"category","embeddable":true,"href":"https:\/\/www.cnam.re\/site\/wp-json\/wp\/v2\/categories?post=4665"},{"taxonomy":"post_tag","embeddable":true,"href":"https:\/\/www.cnam.re\/site\/wp-json\/wp\/v2\/tags?post=4665"}],"curies":[{"name":"wp","href":"https:\/\/api.w.org\/{rel}","templated":true}]}}