{"id":4417,"date":"2025-06-02T10:00:13","date_gmt":"2025-06-02T06:00:13","guid":{"rendered":"https:\/\/www.cnam.re\/site\/?p=4417"},"modified":"2025-05-30T15:27:07","modified_gmt":"2025-05-30T11:27:07","slug":"ouverture-des-inscriptions-2025-2026","status":"publish","type":"post","link":"https:\/\/www.cnam.re\/site\/ouverture-des-inscriptions-2025-2026\/","title":{"rendered":"Les inscriptions sont ouvertes"},"content":{"rendered":"<p>[et_pb_section fb_built=\u00a0\u00bb1&Prime; _builder_version=\u00a0\u00bb4.16&Prime; da_disable_devices=\u00a0\u00bboff|off|off\u00a0\u00bb global_colors_info=\u00a0\u00bb{}\u00a0\u00bb da_is_popup=\u00a0\u00bboff\u00a0\u00bb da_exit_intent=\u00a0\u00bboff\u00a0\u00bb da_has_close=\u00a0\u00bbon\u00a0\u00bb da_alt_close=\u00a0\u00bboff\u00a0\u00bb da_dark_close=\u00a0\u00bboff\u00a0\u00bb da_not_modal=\u00a0\u00bbon\u00a0\u00bb da_is_singular=\u00a0\u00bboff\u00a0\u00bb da_with_loader=\u00a0\u00bboff\u00a0\u00bb da_has_shadow=\u00a0\u00bbon\u00a0\u00bb][et_pb_row _builder_version=\u00a0\u00bb4.16&Prime; background_size=\u00a0\u00bbinitial\u00a0\u00bb background_position=\u00a0\u00bbtop_left\u00a0\u00bb background_repeat=\u00a0\u00bbrepeat\u00a0\u00bb global_colors_info=\u00a0\u00bb{}\u00a0\u00bb][et_pb_column type=\u00a0\u00bb4_4&Prime; _builder_version=\u00a0\u00bb4.16&Prime; custom_padding=\u00a0\u00bb|||\u00a0\u00bb global_colors_info=\u00a0\u00bb{}\u00a0\u00bb custom_padding__hover=\u00a0\u00bb|||\u00a0\u00bb][et_pb_text _builder_version=\u00a0\u00bb4.27.4&Prime; background_size=\u00a0\u00bbinitial\u00a0\u00bb background_position=\u00a0\u00bbtop_left\u00a0\u00bb background_repeat=\u00a0\u00bbrepeat\u00a0\u00bb hover_enabled=\u00a0\u00bb0&Prime; global_colors_info=\u00a0\u00bb{}\u00a0\u00bb sticky_enabled=\u00a0\u00bb0&Prime;]<\/p>\n<div class=\"xdj266r x11i5rnm xat24cr x1mh8g0r x1vvkbs x126k92a\">\n<div dir=\"auto\">\u00a0<\/div>\n<\/div>\n<div dir=\"auto\">\u00a0<\/div>\n<div dir=\"auto\">\u00a0<\/div>\n<p data-start=\"198\" data-end=\"517\">Vous envisagez une reconversion professionnelle ? Vous souhaitez valoriser votre exp\u00e9rience par un dipl\u00f4me reconnu ? Ou tout simplement d\u00e9velopper de nouvelles comp\u00e9tences pour \u00e9voluer dans votre carri\u00e8re ?<\/p>\n<h2 data-start=\"198\" data-end=\"517\"><strong data-start=\"410\" data-end=\"517\">Les inscriptions au Cnam R\u00e9union pour l\u2019ann\u00e9e universitaire 2025-2026 d\u00e9marrent.<\/strong><\/h2>\n<p data-start=\"590\" data-end=\"976\"><strong>Dipl\u00f4mes et certificats accessibles sur tout le territoire r\u00e9unionnais<\/strong>, en pr\u00e9sentiel Hors temps de travail ou \u00e0 distance, le <strong>Cnam<\/strong> propose une offre de formation construite pour r\u00e9pondre aux <strong data-start=\"750\" data-end=\"785\">besoins des entreprises locales<\/strong> et aux <strong data-start=\"793\" data-end=\"816\">secteurs en tension<\/strong>.<br data-start=\"817\" data-end=\"820\" \/>Nos formations sont ouvertes \u00e0 tous : salari\u00e9s, demandeurs d\u2019emploi, jeunes en recherche d\u2019alternance, agents de la fonction publique ou porteurs de projet.<\/p>\n<p data-start=\"978\" data-end=\"1008\"><strong data-start=\"981\" data-end=\"1008\">Les domaines couverts :<\/strong><\/p>\n<ul>\n<li data-start=\"1011\" data-end=\"1044\">Gestion, comptabilit\u00e9 et commerce<\/li>\n<li>Immobilier<\/li>\n<li>Ressources humaines et management<\/li>\n<li data-start=\"1124\" data-end=\"1161\">Transport et logistique<\/li>\n<li data-start=\"1164\" data-end=\"1208\">Tourisme, patrimoine et m\u00e9diation culturelle<\/li>\n<li data-start=\"1211\" data-end=\"1246\">BTP et am\u00e9nagement durable<\/li>\n<li data-start=\"1249\" data-end=\"1301\">Sant\u00e9 au travail, travail social, d\u00e9veloppement des comp\u00e9tences &#8230;<\/li>\n<\/ul>\n<p data-start=\"1303\" data-end=\"1496\">Que vous cherchiez une <strong data-start=\"1326\" data-end=\"1357\">formation dipl\u00f4mante longue<\/strong> (licence, master, titre professionnel) ou une mont\u00e9e en comp\u00e9tences cibl\u00e9e, vous trouverez une formule qui correspond \u00e0 votre projet.<\/p>\n<p data-start=\"1303\" data-end=\"1496\"><strong>Une prise en charge \u00e0 100 % pour les demandeurs d\u2019emploi<\/strong><\/p>\n<p data-start=\"1568\" data-end=\"1872\">Parce que se former ne devrait pas \u00eatre un luxe, la <strong data-start=\"1620\" data-end=\"1679\">R\u00e9gion R\u00e9union finance \u00e0 100 % les formations<\/strong> dispens\u00e9es par le Cnam R\u00e9union, <strong data-start=\"1704\" data-end=\"1723\">sous conditions<\/strong> d\u2019\u00e9ligibilit\u00e9.<br data-start=\"1738\" data-end=\"1741\" \/>Ce dispositif r\u00e9gional permet aux demandeurs d\u2019emploi de suivre un parcours de formation <strong data-start=\"1833\" data-end=\"1849\">gratuitement<\/strong>, tout en b\u00e9n\u00e9ficiant :<\/p>\n<ul>\n<li data-start=\"1875\" data-end=\"1908\">d\u2019un accompagnement personnalis\u00e9,<\/li>\n<li data-start=\"1911\" data-end=\"1949\">de ressources p\u00e9dagogiques de qualit\u00e9,<\/li>\n<li data-start=\"1952\" data-end=\"2060\">et d\u2019un acc\u00e8s facilit\u00e9 au monde professionnel gr\u00e2ce \u00e0 des partenariats solides avec les entreprises locales.<\/li>\n<\/ul>\n<p data-start=\"2062\" data-end=\"2266\">Pour en b\u00e9n\u00e9ficier, il suffit de candidater \u00e0 l\u2019une de nos formations \u00e9ligibles et de justifier de votre statut de demandeur d\u2019emploi inscrit \u00e0 France Travail en cat\u00e9gories 1 \u00e0 4. Nos \u00e9quipes sont l\u00e0 pour vous guider pas \u00e0 pas dans vos d\u00e9marches.<\/p>\n<p data-start=\"2062\" data-end=\"2266\"><strong> Pourquoi s\u2019inscrire d\u00e8s maintenant ?<\/strong><\/p>\n<p data-start=\"2318\" data-end=\"2604\">En vous inscrivant d\u00e8s l\u2019ouverture, vous augmentez vos chances de s\u00e9curiser votre place dans le parcours de votre choix, d\u2019\u00eatre accompagn\u00e9 dans vos d\u00e9marches de financement, et de bien pr\u00e9parer votre rentr\u00e9e. Vous partez en vacances ? Prenez un temps pour votre avenir avant de boucler votre valise !<\/p>\n<p data-start=\"2318\" data-end=\"2604\"><strong>Comment candidater ?<\/strong><\/p>\n<p data-start=\"2735\" data-end=\"2818\"><strong>D\u00e8s le 2 juin<\/strong>, rendez-vous sur notre site <a class=\"\" href=\"https:\/\/www.cnam.re\" target=\"_new\" rel=\"noopener\" data-start=\"2777\" data-end=\"2811\">www.cnam.re<\/a> pour :<\/p>\n<ul data-start=\"2819\" data-end=\"3028\">\n<li data-start=\"2819\" data-end=\"2870\">\n<p data-start=\"2821\" data-end=\"2870\">d\u00e9couvrir l\u2019ensemble de notre offre de formation,<\/p>\n<\/li>\n<li data-start=\"2871\" data-end=\"2917\">\n<p data-start=\"2873\" data-end=\"2917\">vous pr\u00e9inscrire en ligne,<\/p>\n<\/li>\n<li data-start=\"2918\" data-end=\"2954\">\n<p data-start=\"2920\" data-end=\"2954\">d\u00e9poser vos pi\u00e8ces justificatives au centre r\u00e9gional du Port,<\/p>\n<\/li>\n<li data-start=\"2955\" data-end=\"3028\">\n<p data-start=\"2957\" data-end=\"3028\">\u00e9changer avec nos \u00e9quipes p\u00e9dagogiques lors des r\u00e9unions d\u2019information.<\/p>\n<\/li>\n<\/ul>\n<p data-start=\"3030\" data-end=\"3195\">Envie d\u2019en savoir plus ?<\/p>\n<p data-start=\"3030\" data-end=\"3195\">Inscrivez-vous \u00e0 nos prochaines r\u00e9unions d\u2019information collectives en renseignant <a href=\"http:\/\/r.cnam.fr\/infocolreu\">ce formulaire<\/a> et bien entendu nos conseillers se tiennent \u00e0 votre disposition pour vous dispenser tous les renseignements utiles \u00e0 votre projet de formation.<\/p>\n<p data-start=\"3030\" data-end=\"3195\"><strong data-start=\"3205\" data-end=\"3284\">Formez-vous, dipl\u00f4mez-vous, transformez votre avenir avec le Cnam R\u00e9union !<\/strong><\/p>\n<p data-start=\"1298\" data-end=\"1441\"><br data-start=\"1350\" data-end=\"1353\" \/>\ud83d\udd17 D\u00e9couvrez nos formations et candidatez en ligne sur <a href=\"https:\/\/www.cnam.re\/site\/diplomes\/\" target=\"_blank\" rel=\"noopener\">www.cnam.re<\/a><\/p>\n<div dir=\"auto\">\n<p>&nbsp;<\/p>\n<p>\ud83d\udd17 JE ME PREINSCRIS : <a href=\"https:\/\/www.cnam.re\/site\/pre-inscription\/\">cliquez ici<\/a><\/p>\n<\/div>\n<div class=\"x11i5rnm xat24cr x1mh8g0r x1vvkbs xtlvy1s x126k92a\">\n<div dir=\"auto\">\n<p>&nbsp;<\/p>\n<\/div>\n<\/div>\n<div dir=\"auto\">\u00a0<\/div>\n<div dir=\"auto\">\u00a0<\/div>\n<div dir=\"auto\">#Inscriptions2025 #CnamR\u00e9union #ReconversionProfessionnelle #FinancementR\u00e9gionR\u00e9union #FormationProfessionnelle #FormationToutAuLongDeLaVie<\/div>\n<div dir=\"auto\">\u00a0<\/div>\n<div dir=\"auto\">\u00a0<\/div>\n<div dir=\"auto\">________<br \/><em><strong>Centre r\u00e9gional du Cnam<\/strong><\/em><br \/>Renseignements : 0262.42.28.37 ou <a href=\"mailto:info@cnam.re\" target=\"_blank\" rel=\"noopener\">info@cnam.re<\/a><br \/>18, rue Claude Chappe ZAC 2000 &#8211; 97420 Le Port<br \/>Contactez votre r\u00e9f\u00e9rent\u00b7e handicap : <a href=\"mailto:emicconi@cnam.re\">emicconi@cnam.re<\/a> \/ <a href=\"mailto:sferrand@cnam.re\">sferrand@cnam.re<\/a><\/div>\n<div dir=\"auto\">Mission Handi\u2019Cnam : <a href=\"http:\/\/r.cnam.fr\/handicnam\" target=\"_blank\" rel=\"noopener\">http:\/\/r.cnam.fr\/handicnam<\/a><\/div>\n<p>[\/et_pb_text][\/et_pb_column][\/et_pb_row][\/et_pb_section]<\/p>\n","protected":false},"excerpt":{"rendered":"<p>\u00a0 \u00a0 \u00a0 Vous envisagez une reconversion professionnelle&#8230;<\/p>\n","protected":false},"author":2,"featured_media":4419,"comment_status":"closed","ping_status":"closed","sticky":false,"template":"","format":"standard","meta":{"_acf_changed":false,"_et_pb_use_builder":"on","_et_pb_old_content":"<div dir=\"auto\">\ud835\udc00\ud835\udc2f\ud835\udc1e\ud835\udc1c \ud835\udc29\ud835\udc25\ud835\udc2e\ud835\udc2c \ud835\udc1d\ud835\udc1e \ud835\udfd0\ud835\udfd1\ud835\udfce \ud835\udc1c\ud835\udc1e\ud835\udc27\ud835\udc2d\ud835\udc2b\ud835\udc1e\ud835\udc2c \ud835\udc1e\ud835\udc27 \ud835\udc05\ud835\udc2b\ud835\udc1a\ud835\udc27\ud835\udc1c\ud835\udc1e, \ud835\udc22\ud835\udc25 \ud835\udc32 \ud835\udc1a \ud835\udc2d\ud835\udc28\ud835\udc2e\ud835\udc23\ud835\udc28\ud835\udc2e\ud835\udc2b\ud835\udc2c \ud835\udc2e\ud835\udc27 \ud835\udc02\ud835\udc27\ud835\udc1a\ud835\udc26 \ud835\udc29\ud835\udc2b\ud835\udc1e\u0300\ud835\udc2c \ud835\udc1d\ud835\udc1e \ud835\udc1c\ud835\udc21\ud835\udc1e\ud835\udc33 \ud835\udc2f\ud835\udc28\ud835\udc2e\ud835\udc2c !<\/div><div dir=\"auto\"><div dir=\"auto\">Le Cnam f\u00eate cette ann\u00e9e les 70 ans de son r\u00e9seau. Depuis la cr\u00e9ation de son premier centre d\u2019enseignement au d\u00e9but des ann\u00e9es 50 jusqu\u2019\u00e0 aujourd\u2019hui, le Cnam s\u2019engage aupr\u00e8s de vous et sur l\u2019ensemble des territoires national et ultra-marins pour vous proposer des formations personnalis\u00e9es et de qualit\u00e9 !<\/div><\/div><div dir=\"auto\">Et oui, et le <strong>Cnam de la R\u00e9union<\/strong> ne fait pas exception et vous propose d\u00e8s la rentr\u00e9e de septembre 2022 des formations ancr\u00e9es dans la pratique professionnelle et qui visent \u00e0 d\u00e9velopper les comp\u00e9tences recherch\u00e9es par les entreprises qui recrutent.<\/div><div dir=\"auto\">En alternance, formation HTT en cours du soir, \u00e0 distance, formations \u00e0 la carte, validations des acquis, blocs de comp\u00e9tences, financement CPF \u2026 autant de modalit\u00e9s et dispositifs qui vous permettent de personnaliser votre parcours votre parcours en vous formant \u00e0 votre rythme et sans contraintes g\u00e9ographiques.<\/div><div dir=\"auto\">\u00a0<\/div><div dir=\"auto\">Les petits nouveaux qui font leur apparition cette ann\u00e9e :<\/div><div dir=\"auto\"><ul><li><strong>Licence pro<\/strong> Coordonnateur de projets en insertion sociale et professionnelle<\/li><li><strong>Licence pro<\/strong> Conseiller, souscripteur, Gestionnaire en Assurance<\/li><li><strong>Titre pro niv.6<\/strong> Responsable en projets de formation<\/li><li><strong>Titre pro niv.6<\/strong> Concepteur informatique en Cybers\u00e9curit\u00e9<\/li><li><strong>Licence g\u00e9n\u00e9rale L3<\/strong> \u00a0Gestionnaire immobilier<\/li><li><strong>Dipl\u00f4me d\u2019ing\u00e9nieur<\/strong> Automatique et Robotique<\/li><\/ul><\/div><div dir=\"auto\">\u00a0<\/div><div dir=\"auto\">Les cours d\u00e9marrent le 5 septembre 2002 pour la plupart des formations alors pour les retardataires, d\u00e9p\u00eachez-vous de venir vous inscrire. La cl\u00f4ture des inscriptions pour les enseignements du 1er semestre est au 31 octobre 2022.<\/div><div dir=\"auto\">\u00a0<\/div><div dir=\"auto\"><strong>Raccourcissez votre parcours et optez pour la VAE<\/strong><\/div><div dir=\"auto\">Vous souhaitez valoriser vos nombreuses ann\u00e9es d'exp\u00e9rience professionnelle en validant tout ou partie d'un dipl\u00f4me du CNAM, alors demandez un rendez-vous avec notre conseill\u00e8re en VAE qui vous proposera la formation ad\u00e9quate et vous accompagnera pendant toutes les \u00e9tapes de votre parcours de validation.<\/div><div dir=\"auto\">\u00a0<\/div><div dir=\"auto\"><strong>L'Alternance, un tremplin vers l'avenir !<\/strong><\/div><div dir=\"auto\">Vous avez moins de 30 ans et souhaitez faire une formation en alternance mais vous ne savez pas laquelle ou vous \u00eates employeur et vous souhaitez recruter un jeune en alternance mais les d\u00e9marches vous font h\u00e9siter, alors rencontrez notre \u00e9quipe du service des Entreprises et de l'alternance qui saura vous rassurer et vous aider dans vos d\u00e9marches.<\/div><div dir=\"auto\">\u00a0<\/div><div dir=\"auto\">Nos conseillers sont \u00e0 votre disposition pour tout renseignement, devis ou orientation, n'h\u00e9sitez pas \u00e0 nous consulter.<\/div><div dir=\"auto\">\u00a0<\/div><div dir=\"auto\">Information au <strong>0262.42.28.37<\/strong> ou sur <a href=\"mailto:info@cnam.re\">info@cnam.re<\/a><\/div>","_et_gb_content_width":"","footnotes":""},"categories":[21],"tags":[],"class_list":["post-4417","post","type-post","status-publish","format-standard","has-post-thumbnail","hentry","category-actualites"],"acf":[],"_links":{"self":[{"href":"https:\/\/www.cnam.re\/site\/wp-json\/wp\/v2\/posts\/4417","targetHints":{"allow":["GET"]}}],"collection":[{"href":"https:\/\/www.cnam.re\/site\/wp-json\/wp\/v2\/posts"}],"about":[{"href":"https:\/\/www.cnam.re\/site\/wp-json\/wp\/v2\/types\/post"}],"author":[{"embeddable":true,"href":"https:\/\/www.cnam.re\/site\/wp-json\/wp\/v2\/users\/2"}],"replies":[{"embeddable":true,"href":"https:\/\/www.cnam.re\/site\/wp-json\/wp\/v2\/comments?post=4417"}],"version-history":[{"count":4,"href":"https:\/\/www.cnam.re\/site\/wp-json\/wp\/v2\/posts\/4417\/revisions"}],"predecessor-version":[{"id":4423,"href":"https:\/\/www.cnam.re\/site\/wp-json\/wp\/v2\/posts\/4417\/revisions\/4423"}],"wp:featuredmedia":[{"embeddable":true,"href":"https:\/\/www.cnam.re\/site\/wp-json\/wp\/v2\/media\/4419"}],"wp:attachment":[{"href":"https:\/\/www.cnam.re\/site\/wp-json\/wp\/v2\/media?parent=4417"}],"wp:term":[{"taxonomy":"category","embeddable":true,"href":"https:\/\/www.cnam.re\/site\/wp-json\/wp\/v2\/categories?post=4417"},{"taxonomy":"post_tag","embeddable":true,"href":"https:\/\/www.cnam.re\/site\/wp-json\/wp\/v2\/tags?post=4417"}],"curies":[{"name":"wp","href":"https:\/\/api.w.org\/{rel}","templated":true}]}}