{"id":3129,"date":"2023-10-20T10:00:13","date_gmt":"2023-10-20T08:00:13","guid":{"rendered":"http:\/\/www.cnam.re\/wp\/?p=3129"},"modified":"2023-10-09T12:35:54","modified_gmt":"2023-10-09T10:35:54","slug":"cloture_inscriptions-1ersemestre2023","status":"publish","type":"post","link":"https:\/\/www.cnam.re\/site\/cloture_inscriptions-1ersemestre2023\/","title":{"rendered":"Fin des inscriptions du 1er semestre"},"content":{"rendered":"<p>[et_pb_section fb_built=\u00a0\u00bb1&Prime; _builder_version=\u00a0\u00bb4.16&Prime; da_disable_devices=\u00a0\u00bboff|off|off\u00a0\u00bb global_colors_info=\u00a0\u00bb{}\u00a0\u00bb da_is_popup=\u00a0\u00bboff\u00a0\u00bb da_exit_intent=\u00a0\u00bboff\u00a0\u00bb da_has_close=\u00a0\u00bbon\u00a0\u00bb da_alt_close=\u00a0\u00bboff\u00a0\u00bb da_dark_close=\u00a0\u00bboff\u00a0\u00bb da_not_modal=\u00a0\u00bbon\u00a0\u00bb da_is_singular=\u00a0\u00bboff\u00a0\u00bb da_with_loader=\u00a0\u00bboff\u00a0\u00bb da_has_shadow=\u00a0\u00bbon\u00a0\u00bb][et_pb_row _builder_version=\u00a0\u00bb4.16&Prime; background_size=\u00a0\u00bbinitial\u00a0\u00bb background_position=\u00a0\u00bbtop_left\u00a0\u00bb background_repeat=\u00a0\u00bbrepeat\u00a0\u00bb global_colors_info=\u00a0\u00bb{}\u00a0\u00bb][et_pb_column type=\u00a0\u00bb4_4&Prime; _builder_version=\u00a0\u00bb4.16&Prime; custom_padding=\u00a0\u00bb|||\u00a0\u00bb global_colors_info=\u00a0\u00bb{}\u00a0\u00bb custom_padding__hover=\u00a0\u00bb|||\u00a0\u00bb][et_pb_text _builder_version=\u00a0\u00bb4.22.2&Prime; background_size=\u00a0\u00bbinitial\u00a0\u00bb background_position=\u00a0\u00bbtop_left\u00a0\u00bb background_repeat=\u00a0\u00bbrepeat\u00a0\u00bb hover_enabled=\u00a0\u00bb0&Prime; global_colors_info=\u00a0\u00bb{}\u00a0\u00bb sticky_enabled=\u00a0\u00bb0&Prime;]<\/p>\n<div dir=\"auto\">\u00a0<\/div>\n<div dir=\"auto\">Plus que quelques jours avant la cl\u00f4ture des inscriptions pour les enseignements du 1er semestre.<\/div>\n<div dir=\"auto\">Pour celles et ceux qui ne sont pas encore inscrit\u00b7e\u00b7s, d\u00e9p\u00eachez-vous.<\/div>\n<div dir=\"auto\">Vous avez jusqu&rsquo;au <strong>31 octobre 2023<\/strong> pour valider votre inscription pour le 1er semestre.<\/div>\n<div dir=\"auto\">Les inscriptions pour le 2nd semestre courent jusqu&rsquo;au 29 mars 2024.<\/div>\n<div dir=\"auto\">\u00a0<\/div>\n<div dir=\"auto\">Rappel du calendrier 2023-2024<\/div>\n<div dir=\"auto\">\n<table style=\"border-collapse: collapse; width: 100%; height: 240px;\" border=\"1\">\n<tbody>\n<tr style=\"height: 24px;\">\n<td style=\"width: 33.3333%; height: 24px;\">\u00a0<\/td>\n<td style=\"width: 33.3333%; text-align: center; height: 24px; background-color: #d1c9c9;\">1er semestre<\/td>\n<td style=\"width: 33.3333%; text-align: center; height: 24px; background-color: #d1c9c9;\">2nd semestre<\/td>\n<\/tr>\n<tr style=\"height: 24px;\">\n<td style=\"width: 33.3333%; height: 24px;\" colspan=\"3\">Ouverture des pr\u00e9inscriptions en ligne le 1er juin 2023<\/td>\n<\/tr>\n<tr style=\"height: 24px;\">\n<td style=\"width: 33.3333%; height: 24px;\">Inscriptions jusqu\u2019au<\/td>\n<td style=\"width: 33.3333%; text-align: center; height: 24px;\">\u00a031\/10\/23<\/td>\n<td style=\"width: 33.3333%; text-align: center; height: 24px;\">\u00a029\/03\/24<\/td>\n<\/tr>\n<tr style=\"height: 24px;\">\n<td style=\"width: 33.3333%; height: 24px;\">D\u00e9but des cours<\/td>\n<td style=\"width: 33.3333%; text-align: center; height: 24px;\">\u00a004\/09\/23<\/td>\n<td style=\"width: 33.3333%; text-align: center; height: 24px;\">\u00a004\/03\/24<\/td>\n<\/tr>\n<tr style=\"height: 24px;\">\n<td style=\"width: 33.3333%; height: 24px;\">Fin des cours<\/td>\n<td style=\"width: 33.3333%; text-align: center; height: 24px;\">\u00a010\/02\/24<\/td>\n<td style=\"width: 33.3333%; text-align: center; height: 24px;\">\u00a020\/07\/24<\/td>\n<\/tr>\n<tr style=\"height: 24px;\">\n<td style=\"width: 33.3333%; height: 24px;\">Semaine de r\u00e9visions<\/td>\n<td style=\"width: 33.3333%; text-align: center; height: 24px;\">\u00a0semaine du 12\/02\/24<\/td>\n<td style=\"width: 33.3333%; text-align: center; height: 24px;\">\u00a0semaine du 27\/07\/24<\/td>\n<\/tr>\n<tr style=\"height: 24px;\">\n<td style=\"width: 33.3333%; height: 24px;\">Examens 1\u00e8re session<\/td>\n<td style=\"width: 33.3333%; text-align: center; height: 24px;\">\u00a0semaine du 19\/02\/24<\/td>\n<td style=\"width: 33.3333%; text-align: center; height: 24px;\">\u00a0semaine du 29\/07\/24<\/td>\n<\/tr>\n<tr style=\"height: 24px;\">\n<td style=\"width: 33.3333%; height: 24px;\" colspan=\"3\">Examens 2nde session quinzaine du 19\/08\/24 au 30\/08\/24<\/td>\n<\/tr>\n<tr style=\"height: 48px;\">\n<td style=\"width: 33.3333%; height: 48px;\" colspan=\"3\">Interruption des cours<br \/>du 18\/12\/2023 au 07\/01\/2024 inclus &#8211; reprise le 08\/01\/2024<\/td>\n<\/tr>\n<\/tbody>\n<\/table>\n<\/div>\n<div dir=\"auto\">\u00a0<\/div>\n<div dir=\"auto\">\u00a0<\/div>\n<div dir=\"auto\">\u00a0<\/div>\n<div dir=\"auto\">Nos conseillers sont \u00e0 votre disposition pour tout renseignement, devis ou orientation, n&rsquo;h\u00e9sitez pas \u00e0 nous consulter.<\/div>\n<div dir=\"auto\">\u00a0<\/div>\n<div dir=\"auto\">Information au <strong>0262.42.28.37<\/strong> ou sur <a href=\"mailto:info@cnam.re\" target=\"_blank\" rel=\"noopener\">info@cnam.re<\/a><\/div>\n<div dir=\"auto\">\u00a0<\/div>\n<div dir=\"auto\">\u00a0<\/div>\n<div dir=\"auto\">\u00a0<\/div>\n<div dir=\"auto\">\u00a0<\/div>\n<div dir=\"auto\">\u00a0<\/div>\n<div dir=\"auto\">\u00a0<\/div>\n<div dir=\"auto\">\u00a0<\/div>\n<div dir=\"auto\">________<br \/><em><strong>Centre r\u00e9gional du Cnam<\/strong><\/em><br \/>Renseignements : 0262.42.28.37 ou <a href=\"mailto:info@cnam.re\" target=\"_blank\" rel=\"noopener\">info@cnam.re<\/a><br \/>18, rue Claude Chappe ZAC 2000 &#8211; 97420 Le Port<br \/>Contactez votre r\u00e9f\u00e9rent\u00b7e handicap : <a href=\"mailto:emicconi@cnam.re\" target=\"_blank\" rel=\"noopener\">emicconi@cnam.re<\/a><br \/>Mission Handi\u2019Cnam : <a href=\"http:\/\/r.cnam.fr\/handicnam\" target=\"_blank\" rel=\"noopener\">http:\/\/r.cnam.fr\/handicnam<\/a><\/div>\n<p>[\/et_pb_text][\/et_pb_column][\/et_pb_row][\/et_pb_section]<\/p>\n","protected":false},"excerpt":{"rendered":"<p>\u00a0 Plus que quelques jours avant la cl\u00f4ture des&#8230;<\/p>\n","protected":false},"author":2,"featured_media":3131,"comment_status":"closed","ping_status":"closed","sticky":false,"template":"","format":"standard","meta":{"_acf_changed":false,"_et_pb_use_builder":"on","_et_pb_old_content":"<div dir=\"auto\">\ud835\udc00\ud835\udc2f\ud835\udc1e\ud835\udc1c \ud835\udc29\ud835\udc25\ud835\udc2e\ud835\udc2c \ud835\udc1d\ud835\udc1e \ud835\udfd0\ud835\udfd1\ud835\udfce \ud835\udc1c\ud835\udc1e\ud835\udc27\ud835\udc2d\ud835\udc2b\ud835\udc1e\ud835\udc2c \ud835\udc1e\ud835\udc27 \ud835\udc05\ud835\udc2b\ud835\udc1a\ud835\udc27\ud835\udc1c\ud835\udc1e, \ud835\udc22\ud835\udc25 \ud835\udc32 \ud835\udc1a \ud835\udc2d\ud835\udc28\ud835\udc2e\ud835\udc23\ud835\udc28\ud835\udc2e\ud835\udc2b\ud835\udc2c \ud835\udc2e\ud835\udc27 \ud835\udc02\ud835\udc27\ud835\udc1a\ud835\udc26 \ud835\udc29\ud835\udc2b\ud835\udc1e\u0300\ud835\udc2c \ud835\udc1d\ud835\udc1e \ud835\udc1c\ud835\udc21\ud835\udc1e\ud835\udc33 \ud835\udc2f\ud835\udc28\ud835\udc2e\ud835\udc2c !<\/div><div dir=\"auto\"><div dir=\"auto\">Le Cnam f\u00eate cette ann\u00e9e les 70 ans de son r\u00e9seau. Depuis la cr\u00e9ation de son premier centre d\u2019enseignement au d\u00e9but des ann\u00e9es 50 jusqu\u2019\u00e0 aujourd\u2019hui, le Cnam s\u2019engage aupr\u00e8s de vous et sur l\u2019ensemble des territoires national et ultra-marins pour vous proposer des formations personnalis\u00e9es et de qualit\u00e9 !<\/div><\/div><div dir=\"auto\">Et oui, et le <strong>Cnam de la R\u00e9union<\/strong> ne fait pas exception et vous propose d\u00e8s la rentr\u00e9e de septembre 2022 des formations ancr\u00e9es dans la pratique professionnelle et qui visent \u00e0 d\u00e9velopper les comp\u00e9tences recherch\u00e9es par les entreprises qui recrutent.<\/div><div dir=\"auto\">En alternance, formation HTT en cours du soir, \u00e0 distance, formations \u00e0 la carte, validations des acquis, blocs de comp\u00e9tences, financement CPF \u2026 autant de modalit\u00e9s et dispositifs qui vous permettent de personnaliser votre parcours votre parcours en vous formant \u00e0 votre rythme et sans contraintes g\u00e9ographiques.<\/div><div dir=\"auto\">\u00a0<\/div><div dir=\"auto\">Les petits nouveaux qui font leur apparition cette ann\u00e9e :<\/div><div dir=\"auto\"><ul><li><strong>Licence pro<\/strong> Coordonnateur de projets en insertion sociale et professionnelle<\/li><li><strong>Licence pro<\/strong> Conseiller, souscripteur, Gestionnaire en Assurance<\/li><li><strong>Titre pro niv.6<\/strong> Responsable en projets de formation<\/li><li><strong>Titre pro niv.6<\/strong> Concepteur informatique en Cybers\u00e9curit\u00e9<\/li><li><strong>Licence g\u00e9n\u00e9rale L3<\/strong> \u00a0Gestionnaire immobilier<\/li><li><strong>Dipl\u00f4me d\u2019ing\u00e9nieur<\/strong> Automatique et Robotique<\/li><\/ul><\/div><div dir=\"auto\">\u00a0<\/div><div dir=\"auto\">Les cours d\u00e9marrent le 5 septembre 2002 pour la plupart des formations alors pour les retardataires, d\u00e9p\u00eachez-vous de venir vous inscrire. La cl\u00f4ture des inscriptions pour les enseignements du 1er semestre est au 31 octobre 2022.<\/div><div dir=\"auto\">\u00a0<\/div><div dir=\"auto\"><strong>Raccourcissez votre parcours et optez pour la VAE<\/strong><\/div><div dir=\"auto\">Vous souhaitez valoriser vos nombreuses ann\u00e9es d'exp\u00e9rience professionnelle en validant tout ou partie d'un dipl\u00f4me du CNAM, alors demandez un rendez-vous avec notre conseill\u00e8re en VAE qui vous proposera la formation ad\u00e9quate et vous accompagnera pendant toutes les \u00e9tapes de votre parcours de validation.<\/div><div dir=\"auto\">\u00a0<\/div><div dir=\"auto\"><strong>L'Alternance, un tremplin vers l'avenir !<\/strong><\/div><div dir=\"auto\">Vous avez moins de 30 ans et souhaitez faire une formation en alternance mais vous ne savez pas laquelle ou vous \u00eates employeur et vous souhaitez recruter un jeune en alternance mais les d\u00e9marches vous font h\u00e9siter, alors rencontrez notre \u00e9quipe du service des Entreprises et de l'alternance qui saura vous rassurer et vous aider dans vos d\u00e9marches.<\/div><div dir=\"auto\">\u00a0<\/div><div dir=\"auto\">Nos conseillers sont \u00e0 votre disposition pour tout renseignement, devis ou orientation, n'h\u00e9sitez pas \u00e0 nous consulter.<\/div><div dir=\"auto\">\u00a0<\/div><div dir=\"auto\">Information au <strong>0262.42.28.37<\/strong> ou sur <a href=\"mailto:info@cnam.re\">info@cnam.re<\/a><\/div>","_et_gb_content_width":"","footnotes":""},"categories":[21],"tags":[],"class_list":["post-3129","post","type-post","status-publish","format-standard","has-post-thumbnail","hentry","category-actualites"],"acf":[],"_links":{"self":[{"href":"https:\/\/www.cnam.re\/site\/wp-json\/wp\/v2\/posts\/3129","targetHints":{"allow":["GET"]}}],"collection":[{"href":"https:\/\/www.cnam.re\/site\/wp-json\/wp\/v2\/posts"}],"about":[{"href":"https:\/\/www.cnam.re\/site\/wp-json\/wp\/v2\/types\/post"}],"author":[{"embeddable":true,"href":"https:\/\/www.cnam.re\/site\/wp-json\/wp\/v2\/users\/2"}],"replies":[{"embeddable":true,"href":"https:\/\/www.cnam.re\/site\/wp-json\/wp\/v2\/comments?post=3129"}],"version-history":[{"count":2,"href":"https:\/\/www.cnam.re\/site\/wp-json\/wp\/v2\/posts\/3129\/revisions"}],"predecessor-version":[{"id":3134,"href":"https:\/\/www.cnam.re\/site\/wp-json\/wp\/v2\/posts\/3129\/revisions\/3134"}],"wp:featuredmedia":[{"embeddable":true,"href":"https:\/\/www.cnam.re\/site\/wp-json\/wp\/v2\/media\/3131"}],"wp:attachment":[{"href":"https:\/\/www.cnam.re\/site\/wp-json\/wp\/v2\/media?parent=3129"}],"wp:term":[{"taxonomy":"category","embeddable":true,"href":"https:\/\/www.cnam.re\/site\/wp-json\/wp\/v2\/categories?post=3129"},{"taxonomy":"post_tag","embeddable":true,"href":"https:\/\/www.cnam.re\/site\/wp-json\/wp\/v2\/tags?post=3129"}],"curies":[{"name":"wp","href":"https:\/\/api.w.org\/{rel}","templated":true}]}}