{"id":3121,"date":"2023-09-06T12:02:46","date_gmt":"2023-09-06T10:02:46","guid":{"rendered":"http:\/\/www.cnam.re\/wp\/?p=3121"},"modified":"2023-10-09T14:08:35","modified_gmt":"2023-10-09T12:08:35","slug":"nouvelles-ecoles-eco-sept2023","status":"publish","type":"post","link":"https:\/\/www.cnam.re\/site\/nouvelles-ecoles-eco-sept2023\/","title":{"rendered":"2 nouvelles \u00e9coles au Cnam"},"content":{"rendered":"<p>[et_pb_section fb_built=\u00a0\u00bb1&Prime; _builder_version=\u00a0\u00bb4.16&Prime; da_disable_devices=\u00a0\u00bboff|off|off\u00a0\u00bb global_colors_info=\u00a0\u00bb{}\u00a0\u00bb da_is_popup=\u00a0\u00bboff\u00a0\u00bb da_exit_intent=\u00a0\u00bboff\u00a0\u00bb da_has_close=\u00a0\u00bbon\u00a0\u00bb da_alt_close=\u00a0\u00bboff\u00a0\u00bb da_dark_close=\u00a0\u00bboff\u00a0\u00bb da_not_modal=\u00a0\u00bbon\u00a0\u00bb da_is_singular=\u00a0\u00bboff\u00a0\u00bb da_with_loader=\u00a0\u00bboff\u00a0\u00bb da_has_shadow=\u00a0\u00bbon\u00a0\u00bb][et_pb_row _builder_version=\u00a0\u00bb4.16&Prime; background_size=\u00a0\u00bbinitial\u00a0\u00bb background_position=\u00a0\u00bbtop_left\u00a0\u00bb background_repeat=\u00a0\u00bbrepeat\u00a0\u00bb global_colors_info=\u00a0\u00bb{}\u00a0\u00bb][et_pb_column type=\u00a0\u00bb4_4&Prime; _builder_version=\u00a0\u00bb4.16&Prime; custom_padding=\u00a0\u00bb|||\u00a0\u00bb global_colors_info=\u00a0\u00bb{}\u00a0\u00bb custom_padding__hover=\u00a0\u00bb|||\u00a0\u00bb][et_pb_text _builder_version=\u00a0\u00bb4.22.2&Prime; background_size=\u00a0\u00bbinitial\u00a0\u00bb background_position=\u00a0\u00bbtop_left\u00a0\u00bb background_repeat=\u00a0\u00bbrepeat\u00a0\u00bb global_colors_info=\u00a0\u00bb{}\u00a0\u00bb]<\/p>\n<div dir=\"auto\">\n<p>Tr\u00e8s engag\u00e9 en faveur de l&rsquo;environnement et du d\u00e9veloppement durable, le Conservatoire national des arts et m\u00e9tiers (Cnam), grand \u00e9tablissement d\u2019enseignement sup\u00e9rieur et de recherche, ouvre deux nouvelles \u00e9coles : l\u2019\u00c9cole des transitions \u00e9cologiques et l\u2019\u00c9cole de l\u2019\u00e9nergie.<\/p>\n<p>&nbsp;<\/p>\n<\/div>\n<p><img loading=\"lazy\" decoding=\"async\" class=\"wp-image-3097 size-full alignright\" src=\"https:\/\/www.cnam.re\/site\/wp-content\/uploads\/web-transitions-seul-couleur.png\" alt=\"\" width=\"430\" height=\"96\" srcset=\"https:\/\/www.cnam.re\/site\/wp-content\/uploads\/\/web-transitions-seul-couleur.png 430w, https:\/\/www.cnam.re\/site\/wp-content\/uploads\/\/web-transitions-seul-couleur-340x76.png 340w\" sizes=\"(max-width: 430px) 100vw, 430px\" \/> <img loading=\"lazy\" decoding=\"async\" class=\"wp-image-3096 size-full alignnone\" src=\"https:\/\/www.cnam.re\/site\/wp-content\/uploads\/web-energie-seul-couleur.png\" alt=\"\" width=\"386\" height=\"96\" srcset=\"https:\/\/www.cnam.re\/site\/wp-content\/uploads\/\/web-energie-seul-couleur.png 386w, https:\/\/www.cnam.re\/site\/wp-content\/uploads\/\/web-energie-seul-couleur-340x85.png 340w\" sizes=\"(max-width: 386px) 100vw, 386px\" \/><\/p>\n<div dir=\"auto\">\n<p>&nbsp;<\/p>\n<p><strong>L\u2019\u00c9cole des transitions \u00e9cologiques<\/strong> a pour objectif de permettre aux professionnels de mieux prendre en compte les probl\u00e9matiques \u00e9cologiques dans leurs pratiques, que ce soit pour les m\u00e9tiers porteurs d\u2019emplois (sant\u00e9, mobilit\u00e9 d\u00e9carbon\u00e9e, r\u00e9novation des b\u00e2timents, logistique, tech, mat\u00e9riaux, prospective, culture\u2026) mais aussi les m\u00e9tiers d\u2019avenir (data scientist, d\u00e9veloppeurs de logiciels, ing\u00e9nieurs en intelligence artificielle, charg\u00e9 de responsabilit\u00e9 sociale et environnementale, designer \u00e9conomie circulaire\u2026) ou encore les m\u00e9tiers verts (assainissement, traitement des d\u00e9chets, distribution de l\u2019eau et de l\u2019\u00e9nergie, industrie verte\u2026).<\/p>\n<p><strong>L\u2019\u00c9cole de l\u2019\u00e9nergie<\/strong> aborde les questions li\u00e9es \u00e0 la production et au transport ainsi qu&rsquo;aux enjeux \u00e9conomiques, juridiques et g\u00e9opolitiques du secteur de l\u2019\u00e9nergie. Elle permet d&rsquo;acqu\u00e9rir des comp\u00e9tences sur la d\u00e9carbonation de l\u2019ensemble des secteurs de l\u2019industrie, de l\u2019habitat (chauffage, climatisation) ou encore de se sp\u00e9cialiser dans les nouvelles mobilit\u00e9s. Elle pr\u00e9pare aux m\u00e9tiers li\u00e9s aux \u00e9nergies renouvelables, \u00e0 l\u2019\u00e9nerg\u00e9tique, au g\u00e9nie climatique, au nucl\u00e9aire, \u00e0 la conversion de l\u2019\u00e9nergie \u00e9lectrique, aux r\u00e9seaux d\u2019\u00e9nergie ou encore du stockage de l\u2019\u00e9nergie (thermique, hydrog\u00e8ne, batteries\u2026).<\/p>\n<p>De nombreux parcours de formation sont r\u00e9unis au sein de ces deux nouvelles \u00e9coles et le <strong>CNAM REUNION<\/strong> vous propose d\u00e8s cette ann\u00e9e la Licence professionnelle Sciences, technologies, sant\u00e9 mention ma\u00eetrise de l&rsquo;\u00e9nergie, \u00e9lectricit\u00e9, d\u00e9veloppement durable Parcours Coordinateur technique pour l&rsquo;optimisation des \u00e9nergies \u00e9lectriques renouvelables.<br \/>Ce dipl\u00f4me ouvrira la voie d\u00e8s l\u2019ann\u00e9e prochaine (2024-2025) au Dipl\u00f4me d&rsquo;ing\u00e9nieur Sp\u00e9cialit\u00e9 G\u00e9nie \u00e9lectrique.<\/p>\n<p>&nbsp;<\/p>\n<\/div>\n<div dir=\"auto\">\u00a0<\/div>\n<div dir=\"auto\">\n<table style=\"border-collapse: collapse; width: 100%;\" border=\"1\">\n<tbody>\n<tr>\n<td style=\"width: 100%;\">\n<ul>\n<li>\n<blockquote>\n<p><strong>2023-2024 (Ecole des Transitions Ecologiques) : <\/strong>Licence professionnelle Sciences, technologies, sant\u00e9 mention ma\u00eetrise de l&rsquo;\u00e9nergie, \u00e9lectricit\u00e9, d\u00e9veloppement durable Parcours Coordinateur technique pour l&rsquo;optimisation des \u00e9nergies \u00e9lectriques renouvelables<\/p>\n<\/blockquote>\n<\/li>\n<li>\n<blockquote>\n<p><strong>2024-2025 (Ecole de l&rsquo;Energie) : <\/strong>Dipl\u00f4me d\u2019ing\u00e9nieur G\u00e9nie \u00e9lectrique<\/p>\n<\/blockquote>\n<\/li>\n<\/ul>\n<\/td>\n<\/tr>\n<\/tbody>\n<\/table>\n<\/div>\n<div dir=\"auto\">\u00a0<\/div>\n<div dir=\"auto\">\u00a0<\/div>\n<div dir=\"auto\">\u00a0<\/div>\n<div dir=\"auto\">Nos conseillers sont \u00e0 votre disposition pour tout renseignement, devis ou orientation, n&rsquo;h\u00e9sitez pas \u00e0 nous consulter.<\/div>\n<div dir=\"auto\">\u00a0<\/div>\n<div dir=\"auto\">Information au <strong>0262.42.28.37<\/strong> ou sur <a href=\"mailto:info@cnam.re\" target=\"_blank\" rel=\"noopener\">info@cnam.re<\/a><\/div>\n<div dir=\"auto\">\u00a0<\/div>\n<div dir=\"auto\">\u00a0<\/div>\n<div dir=\"auto\">\u00a0<\/div>\n<div dir=\"auto\">\u00a0<\/div>\n<div dir=\"auto\">\u00a0<\/div>\n<div dir=\"auto\">\u00a0<\/div>\n<div dir=\"auto\">\u00a0<\/div>\n<div dir=\"auto\">________<br \/><em><strong>Centre r\u00e9gional du Cnam<\/strong><\/em><br \/>Renseignements : 0262.42.28.37 ou <a href=\"mailto:info@cnam.re\" target=\"_blank\" rel=\"noopener\">info@cnam.re<\/a><br \/>18, rue Claude Chappe ZAC 2000 &#8211; 97420 Le Port<br \/>Contactez votre r\u00e9f\u00e9rent\u00b7e handicap : <a href=\"mailto:emicconi@cnam.re\" target=\"_blank\" rel=\"noopener\">emicconi@cnam.re<\/a><br \/>Mission Handi\u2019Cnam : <a href=\"http:\/\/r.cnam.fr\/handicnam\" target=\"_blank\" rel=\"noopener\">http:\/\/r.cnam.fr\/handicnam<\/a><\/div>\n<p>[\/et_pb_text][\/et_pb_column][\/et_pb_row][\/et_pb_section]<\/p>\n","protected":false},"excerpt":{"rendered":"<p>Tr\u00e8s engag\u00e9 en faveur de l&rsquo;environnement et du&#8230;<\/p>\n","protected":false},"author":2,"featured_media":3123,"comment_status":"closed","ping_status":"closed","sticky":false,"template":"","format":"standard","meta":{"_acf_changed":false,"_et_pb_use_builder":"on","_et_pb_old_content":"<div dir=\"auto\">\ud835\udc00\ud835\udc2f\ud835\udc1e\ud835\udc1c \ud835\udc29\ud835\udc25\ud835\udc2e\ud835\udc2c \ud835\udc1d\ud835\udc1e \ud835\udfd0\ud835\udfd1\ud835\udfce \ud835\udc1c\ud835\udc1e\ud835\udc27\ud835\udc2d\ud835\udc2b\ud835\udc1e\ud835\udc2c \ud835\udc1e\ud835\udc27 \ud835\udc05\ud835\udc2b\ud835\udc1a\ud835\udc27\ud835\udc1c\ud835\udc1e, \ud835\udc22\ud835\udc25 \ud835\udc32 \ud835\udc1a \ud835\udc2d\ud835\udc28\ud835\udc2e\ud835\udc23\ud835\udc28\ud835\udc2e\ud835\udc2b\ud835\udc2c \ud835\udc2e\ud835\udc27 \ud835\udc02\ud835\udc27\ud835\udc1a\ud835\udc26 \ud835\udc29\ud835\udc2b\ud835\udc1e\u0300\ud835\udc2c \ud835\udc1d\ud835\udc1e \ud835\udc1c\ud835\udc21\ud835\udc1e\ud835\udc33 \ud835\udc2f\ud835\udc28\ud835\udc2e\ud835\udc2c !<\/div><div dir=\"auto\"><div dir=\"auto\">Le Cnam f\u00eate cette ann\u00e9e les 70 ans de son r\u00e9seau. Depuis la cr\u00e9ation de son premier centre d\u2019enseignement au d\u00e9but des ann\u00e9es 50 jusqu\u2019\u00e0 aujourd\u2019hui, le Cnam s\u2019engage aupr\u00e8s de vous et sur l\u2019ensemble des territoires national et ultra-marins pour vous proposer des formations personnalis\u00e9es et de qualit\u00e9 !<\/div><\/div><div dir=\"auto\">Et oui, et le <strong>Cnam de la R\u00e9union<\/strong> ne fait pas exception et vous propose d\u00e8s la rentr\u00e9e de septembre 2022 des formations ancr\u00e9es dans la pratique professionnelle et qui visent \u00e0 d\u00e9velopper les comp\u00e9tences recherch\u00e9es par les entreprises qui recrutent.<\/div><div dir=\"auto\">En alternance, formation HTT en cours du soir, \u00e0 distance, formations \u00e0 la carte, validations des acquis, blocs de comp\u00e9tences, financement CPF \u2026 autant de modalit\u00e9s et dispositifs qui vous permettent de personnaliser votre parcours votre parcours en vous formant \u00e0 votre rythme et sans contraintes g\u00e9ographiques.<\/div><div dir=\"auto\">\u00a0<\/div><div dir=\"auto\">Les petits nouveaux qui font leur apparition cette ann\u00e9e :<\/div><div dir=\"auto\"><ul><li><strong>Licence pro<\/strong> Coordonnateur de projets en insertion sociale et professionnelle<\/li><li><strong>Licence pro<\/strong> Conseiller, souscripteur, Gestionnaire en Assurance<\/li><li><strong>Titre pro niv.6<\/strong> Responsable en projets de formation<\/li><li><strong>Titre pro niv.6<\/strong> Concepteur informatique en Cybers\u00e9curit\u00e9<\/li><li><strong>Licence g\u00e9n\u00e9rale L3<\/strong> \u00a0Gestionnaire immobilier<\/li><li><strong>Dipl\u00f4me d\u2019ing\u00e9nieur<\/strong> Automatique et Robotique<\/li><\/ul><\/div><div dir=\"auto\">\u00a0<\/div><div dir=\"auto\">Les cours d\u00e9marrent le 5 septembre 2002 pour la plupart des formations alors pour les retardataires, d\u00e9p\u00eachez-vous de venir vous inscrire. La cl\u00f4ture des inscriptions pour les enseignements du 1er semestre est au 31 octobre 2022.<\/div><div dir=\"auto\">\u00a0<\/div><div dir=\"auto\"><strong>Raccourcissez votre parcours et optez pour la VAE<\/strong><\/div><div dir=\"auto\">Vous souhaitez valoriser vos nombreuses ann\u00e9es d'exp\u00e9rience professionnelle en validant tout ou partie d'un dipl\u00f4me du CNAM, alors demandez un rendez-vous avec notre conseill\u00e8re en VAE qui vous proposera la formation ad\u00e9quate et vous accompagnera pendant toutes les \u00e9tapes de votre parcours de validation.<\/div><div dir=\"auto\">\u00a0<\/div><div dir=\"auto\"><strong>L'Alternance, un tremplin vers l'avenir !<\/strong><\/div><div dir=\"auto\">Vous avez moins de 30 ans et souhaitez faire une formation en alternance mais vous ne savez pas laquelle ou vous \u00eates employeur et vous souhaitez recruter un jeune en alternance mais les d\u00e9marches vous font h\u00e9siter, alors rencontrez notre \u00e9quipe du service des Entreprises et de l'alternance qui saura vous rassurer et vous aider dans vos d\u00e9marches.<\/div><div dir=\"auto\">\u00a0<\/div><div dir=\"auto\">Nos conseillers sont \u00e0 votre disposition pour tout renseignement, devis ou orientation, n'h\u00e9sitez pas \u00e0 nous consulter.<\/div><div dir=\"auto\">\u00a0<\/div><div dir=\"auto\">Information au <strong>0262.42.28.37<\/strong> ou sur <a href=\"mailto:info@cnam.re\">info@cnam.re<\/a><\/div>","_et_gb_content_width":"","footnotes":""},"categories":[21],"tags":[],"class_list":["post-3121","post","type-post","status-publish","format-standard","has-post-thumbnail","hentry","category-actualites"],"acf":[],"_links":{"self":[{"href":"https:\/\/www.cnam.re\/site\/wp-json\/wp\/v2\/posts\/3121","targetHints":{"allow":["GET"]}}],"collection":[{"href":"https:\/\/www.cnam.re\/site\/wp-json\/wp\/v2\/posts"}],"about":[{"href":"https:\/\/www.cnam.re\/site\/wp-json\/wp\/v2\/types\/post"}],"author":[{"embeddable":true,"href":"https:\/\/www.cnam.re\/site\/wp-json\/wp\/v2\/users\/2"}],"replies":[{"embeddable":true,"href":"https:\/\/www.cnam.re\/site\/wp-json\/wp\/v2\/comments?post=3121"}],"version-history":[{"count":5,"href":"https:\/\/www.cnam.re\/site\/wp-json\/wp\/v2\/posts\/3121\/revisions"}],"predecessor-version":[{"id":3142,"href":"https:\/\/www.cnam.re\/site\/wp-json\/wp\/v2\/posts\/3121\/revisions\/3142"}],"wp:featuredmedia":[{"embeddable":true,"href":"https:\/\/www.cnam.re\/site\/wp-json\/wp\/v2\/media\/3123"}],"wp:attachment":[{"href":"https:\/\/www.cnam.re\/site\/wp-json\/wp\/v2\/media?parent=3121"}],"wp:term":[{"taxonomy":"category","embeddable":true,"href":"https:\/\/www.cnam.re\/site\/wp-json\/wp\/v2\/categories?post=3121"},{"taxonomy":"post_tag","embeddable":true,"href":"https:\/\/www.cnam.re\/site\/wp-json\/wp\/v2\/tags?post=3121"}],"curies":[{"name":"wp","href":"https:\/\/api.w.org\/{rel}","templated":true}]}}