{"id":3110,"date":"2023-10-13T11:00:15","date_gmt":"2023-10-13T09:00:15","guid":{"rendered":"http:\/\/www.cnam.re\/wp\/?p=3110"},"modified":"2023-10-09T09:47:02","modified_gmt":"2023-10-09T07:47:02","slug":"reportta2023","status":"publish","type":"post","link":"https:\/\/www.cnam.re\/site\/reportta2023\/","title":{"rendered":"Nouvelles dates pour la Taxe d\u2019apprentissage 2023"},"content":{"rendered":"<p>[et_pb_section fb_built=\u00a0\u00bb1&Prime; _builder_version=\u00a0\u00bb4.16&Prime; da_disable_devices=\u00a0\u00bboff|off|off\u00a0\u00bb global_colors_info=\u00a0\u00bb{}\u00a0\u00bb da_is_popup=\u00a0\u00bboff\u00a0\u00bb da_exit_intent=\u00a0\u00bboff\u00a0\u00bb da_has_close=\u00a0\u00bbon\u00a0\u00bb da_alt_close=\u00a0\u00bboff\u00a0\u00bb da_dark_close=\u00a0\u00bboff\u00a0\u00bb da_not_modal=\u00a0\u00bbon\u00a0\u00bb da_is_singular=\u00a0\u00bboff\u00a0\u00bb da_with_loader=\u00a0\u00bboff\u00a0\u00bb da_has_shadow=\u00a0\u00bbon\u00a0\u00bb][et_pb_row _builder_version=\u00a0\u00bb4.16&Prime; background_size=\u00a0\u00bbinitial\u00a0\u00bb background_position=\u00a0\u00bbtop_left\u00a0\u00bb background_repeat=\u00a0\u00bbrepeat\u00a0\u00bb global_colors_info=\u00a0\u00bb{}\u00a0\u00bb][et_pb_column type=\u00a0\u00bb4_4&Prime; _builder_version=\u00a0\u00bb4.16&Prime; custom_padding=\u00a0\u00bb|||\u00a0\u00bb global_colors_info=\u00a0\u00bb{}\u00a0\u00bb custom_padding__hover=\u00a0\u00bb|||\u00a0\u00bb][et_pb_text _builder_version=\u00a0\u00bb4.22.2&Prime; background_size=\u00a0\u00bbinitial\u00a0\u00bb background_position=\u00a0\u00bbtop_left\u00a0\u00bb background_repeat=\u00a0\u00bbrepeat\u00a0\u00bb global_colors_info=\u00a0\u00bb{}\u00a0\u00bb]<\/p>\n<div dir=\"auto\">\u00a0<\/div>\n<div dir=\"auto\">\u00a0<\/div>\n<div dir=\"auto\">Le calendrier de la campagne de r\u00e9partition du solde de la taxe d\u2019apprentissage a \u00e9volu\u00e9.<br \/>Initialement prolong\u00e9e jusqu\u2019au 5 octobre, une troisi\u00e8me vague est programm\u00e9e. D\u00e9sormais, les employeurs redevables du solde de la taxe d\u2019apprentissage ont jusqu\u2019au <strong>9 novembre inclus<\/strong> pour s\u00e9lectionner les \u00e9tablissements et les formations qu\u2019ils souhaitent soutenir sur la plateforme <a href=\"https:\/\/www.soltea.education.gouv.fr\/\">SOLTEA<\/a>.<\/div>\n<div dir=\"auto\">\u00a0<\/div>\n<div dir=\"auto\">Nouveau calendrier :<\/div>\n<div dir=\"auto\">\n<ul>\n<li><strong>5 octobre\u00a0:<\/strong>\u00a0fin de la deuxi\u00e8me campagne de r\u00e9partition pour les employeurs<\/li>\n<li><strong>\u00e0 partir du 15 octobre :<\/strong>\u00a0\u00e9mission des seconds versements des fonds r\u00e9partis \u00e0 destination des \u00e9tablissements b\u00e9n\u00e9ficiaires<\/li>\n<li><strong>du 16 octobre au 09 novembre inclus :<\/strong>\u00a0une nouvelle campagne de r\u00e9partition pour les employeurs<\/li>\n<li><strong>9 novembre inclus :<\/strong>\u00a0nouvelle date limite de renseignement\/rectification du RIB des \u00e9tablissements b\u00e9n\u00e9ficiaires<\/li>\n<li><strong>\u00e0 partir du 2 d\u00e9cembre\u00a0:<\/strong>\u00a0\u00e9mission du troisi\u00e8me virement des fonds r\u00e9partis \u00e0 destination des \u00e9tablissements b\u00e9n\u00e9ficiaires<\/li>\n<li><strong>\u00e0 partir \u00a0du 15 d\u00e9cembre :<\/strong>\u00a0\u00e9mission du virement relatif \u00e0 la r\u00e9partition r\u00e9glementaire des fonds non r\u00e9partis par les employeurs<\/li>\n<\/ul>\n<\/div>\n<div dir=\"auto\">Source : <a href=\"https:\/\/www.soltea.education.gouv.fr\/espace-public\/actualites\/evolution-des-campagnes-de-repartition-et-de-virements\">Solt\u00e9a<\/a><\/div>\n<div dir=\"auto\">\u00a0<\/div>\n<div dir=\"auto\">Vous \u00eates employeur et vous n&rsquo;avez pas encore fait votre choix concernant l&rsquo;\u00e9tablissement auquel vous souhaitez effectuer le reversement du solde de la taxe d&rsquo;apprentissage au titre de 2023, il est encore temps. D\u00e9couvrez pourquoi soutenir le Cnam de la R\u00e9union &#8230;<\/div>\n<div dir=\"auto\">\u00a0<\/div>\n<div dir=\"auto\">En savoir plus : <a href=\"https:\/\/www.cnam.re\/site\/entreprises\/taxe-dapprentissage\/\">soutenir le Cnam R\u00e9union<\/a><\/div>\n<div dir=\"auto\">\u00a0<\/div>\n<div dir=\"auto\">\u00a0<\/div>\n<div dir=\"auto\">________<br \/><em><strong>Centre r\u00e9gional du Cnam<\/strong><\/em><br \/>Renseignements : 0262.42.28.37 ou <a href=\"mailto:info@cnam.re\" target=\"_blank\" rel=\"noopener\">info@cnam.re<\/a><br \/>18, rue Claude Chappe ZAC 2000 &#8211; 97420 Le Port<br \/>Contactez votre r\u00e9f\u00e9rent\u00b7e handicap : <a href=\"mailto:emicconi@cnam.re\" target=\"_blank\" rel=\"noopener\">emicconi@cnam.re<\/a><br \/>Mission Handi\u2019Cnam : <a href=\"http:\/\/r.cnam.fr\/handicnam\" target=\"_blank\" rel=\"noopener\">http:\/\/r.cnam.fr\/handicnam<\/a><\/div>\n<p>[\/et_pb_text][\/et_pb_column][\/et_pb_row][\/et_pb_section]<\/p>\n","protected":false},"excerpt":{"rendered":"<p>\u00a0 \u00a0 Le calendrier de la campagne de r\u00e9partition du&#8230;<\/p>\n","protected":false},"author":2,"featured_media":3112,"comment_status":"closed","ping_status":"closed","sticky":false,"template":"","format":"standard","meta":{"_acf_changed":false,"_et_pb_use_builder":"on","_et_pb_old_content":"<div dir=\"auto\">\ud835\udc00\ud835\udc2f\ud835\udc1e\ud835\udc1c \ud835\udc29\ud835\udc25\ud835\udc2e\ud835\udc2c \ud835\udc1d\ud835\udc1e \ud835\udfd0\ud835\udfd1\ud835\udfce \ud835\udc1c\ud835\udc1e\ud835\udc27\ud835\udc2d\ud835\udc2b\ud835\udc1e\ud835\udc2c \ud835\udc1e\ud835\udc27 \ud835\udc05\ud835\udc2b\ud835\udc1a\ud835\udc27\ud835\udc1c\ud835\udc1e, \ud835\udc22\ud835\udc25 \ud835\udc32 \ud835\udc1a \ud835\udc2d\ud835\udc28\ud835\udc2e\ud835\udc23\ud835\udc28\ud835\udc2e\ud835\udc2b\ud835\udc2c \ud835\udc2e\ud835\udc27 \ud835\udc02\ud835\udc27\ud835\udc1a\ud835\udc26 \ud835\udc29\ud835\udc2b\ud835\udc1e\u0300\ud835\udc2c \ud835\udc1d\ud835\udc1e \ud835\udc1c\ud835\udc21\ud835\udc1e\ud835\udc33 \ud835\udc2f\ud835\udc28\ud835\udc2e\ud835\udc2c !<\/div><div dir=\"auto\"><div dir=\"auto\">Le Cnam f\u00eate cette ann\u00e9e les 70 ans de son r\u00e9seau. Depuis la cr\u00e9ation de son premier centre d\u2019enseignement au d\u00e9but des ann\u00e9es 50 jusqu\u2019\u00e0 aujourd\u2019hui, le Cnam s\u2019engage aupr\u00e8s de vous et sur l\u2019ensemble des territoires national et ultra-marins pour vous proposer des formations personnalis\u00e9es et de qualit\u00e9 !<\/div><\/div><div dir=\"auto\">Et oui, et le <strong>Cnam de la R\u00e9union<\/strong> ne fait pas exception et vous propose d\u00e8s la rentr\u00e9e de septembre 2022 des formations ancr\u00e9es dans la pratique professionnelle et qui visent \u00e0 d\u00e9velopper les comp\u00e9tences recherch\u00e9es par les entreprises qui recrutent.<\/div><div dir=\"auto\">En alternance, formation HTT en cours du soir, \u00e0 distance, formations \u00e0 la carte, validations des acquis, blocs de comp\u00e9tences, financement CPF \u2026 autant de modalit\u00e9s et dispositifs qui vous permettent de personnaliser votre parcours votre parcours en vous formant \u00e0 votre rythme et sans contraintes g\u00e9ographiques.<\/div><div dir=\"auto\">\u00a0<\/div><div dir=\"auto\">Les petits nouveaux qui font leur apparition cette ann\u00e9e :<\/div><div dir=\"auto\"><ul><li><strong>Licence pro<\/strong> Coordonnateur de projets en insertion sociale et professionnelle<\/li><li><strong>Licence pro<\/strong> Conseiller, souscripteur, Gestionnaire en Assurance<\/li><li><strong>Titre pro niv.6<\/strong> Responsable en projets de formation<\/li><li><strong>Titre pro niv.6<\/strong> Concepteur informatique en Cybers\u00e9curit\u00e9<\/li><li><strong>Licence g\u00e9n\u00e9rale L3<\/strong> \u00a0Gestionnaire immobilier<\/li><li><strong>Dipl\u00f4me d\u2019ing\u00e9nieur<\/strong> Automatique et Robotique<\/li><\/ul><\/div><div dir=\"auto\">\u00a0<\/div><div dir=\"auto\">Les cours d\u00e9marrent le 5 septembre 2002 pour la plupart des formations alors pour les retardataires, d\u00e9p\u00eachez-vous de venir vous inscrire. La cl\u00f4ture des inscriptions pour les enseignements du 1er semestre est au 31 octobre 2022.<\/div><div dir=\"auto\">\u00a0<\/div><div dir=\"auto\"><strong>Raccourcissez votre parcours et optez pour la VAE<\/strong><\/div><div dir=\"auto\">Vous souhaitez valoriser vos nombreuses ann\u00e9es d'exp\u00e9rience professionnelle en validant tout ou partie d'un dipl\u00f4me du CNAM, alors demandez un rendez-vous avec notre conseill\u00e8re en VAE qui vous proposera la formation ad\u00e9quate et vous accompagnera pendant toutes les \u00e9tapes de votre parcours de validation.<\/div><div dir=\"auto\">\u00a0<\/div><div dir=\"auto\"><strong>L'Alternance, un tremplin vers l'avenir !<\/strong><\/div><div dir=\"auto\">Vous avez moins de 30 ans et souhaitez faire une formation en alternance mais vous ne savez pas laquelle ou vous \u00eates employeur et vous souhaitez recruter un jeune en alternance mais les d\u00e9marches vous font h\u00e9siter, alors rencontrez notre \u00e9quipe du service des Entreprises et de l'alternance qui saura vous rassurer et vous aider dans vos d\u00e9marches.<\/div><div dir=\"auto\">\u00a0<\/div><div dir=\"auto\">Nos conseillers sont \u00e0 votre disposition pour tout renseignement, devis ou orientation, n'h\u00e9sitez pas \u00e0 nous consulter.<\/div><div dir=\"auto\">\u00a0<\/div><div dir=\"auto\">Information au <strong>0262.42.28.37<\/strong> ou sur <a href=\"mailto:info@cnam.re\">info@cnam.re<\/a><\/div>","_et_gb_content_width":"","footnotes":""},"categories":[21],"tags":[],"class_list":["post-3110","post","type-post","status-publish","format-standard","has-post-thumbnail","hentry","category-actualites"],"acf":[],"_links":{"self":[{"href":"https:\/\/www.cnam.re\/site\/wp-json\/wp\/v2\/posts\/3110","targetHints":{"allow":["GET"]}}],"collection":[{"href":"https:\/\/www.cnam.re\/site\/wp-json\/wp\/v2\/posts"}],"about":[{"href":"https:\/\/www.cnam.re\/site\/wp-json\/wp\/v2\/types\/post"}],"author":[{"embeddable":true,"href":"https:\/\/www.cnam.re\/site\/wp-json\/wp\/v2\/users\/2"}],"replies":[{"embeddable":true,"href":"https:\/\/www.cnam.re\/site\/wp-json\/wp\/v2\/comments?post=3110"}],"version-history":[{"count":5,"href":"https:\/\/www.cnam.re\/site\/wp-json\/wp\/v2\/posts\/3110\/revisions"}],"predecessor-version":[{"id":3119,"href":"https:\/\/www.cnam.re\/site\/wp-json\/wp\/v2\/posts\/3110\/revisions\/3119"}],"wp:featuredmedia":[{"embeddable":true,"href":"https:\/\/www.cnam.re\/site\/wp-json\/wp\/v2\/media\/3112"}],"wp:attachment":[{"href":"https:\/\/www.cnam.re\/site\/wp-json\/wp\/v2\/media?parent=3110"}],"wp:term":[{"taxonomy":"category","embeddable":true,"href":"https:\/\/www.cnam.re\/site\/wp-json\/wp\/v2\/categories?post=3110"},{"taxonomy":"post_tag","embeddable":true,"href":"https:\/\/www.cnam.re\/site\/wp-json\/wp\/v2\/tags?post=3110"}],"curies":[{"name":"wp","href":"https:\/\/api.w.org\/{rel}","templated":true}]}}