{"id":2882,"date":"2023-06-25T10:01:18","date_gmt":"2023-06-25T08:01:18","guid":{"rendered":"http:\/\/www.cnam.re\/wp\/?p=2882"},"modified":"2023-07-21T10:59:13","modified_gmt":"2023-07-21T08:59:13","slug":"lalternance-a-lhonneur","status":"publish","type":"post","link":"https:\/\/www.cnam.re\/site\/lalternance-a-lhonneur\/","title":{"rendered":"L&rsquo;Alternance \u00e0 l&rsquo;honneur"},"content":{"rendered":"<p>[et_pb_section fb_built=\u00a0\u00bb1&Prime; _builder_version=\u00a0\u00bb4.21.0&Prime; _module_preset=\u00a0\u00bbdefault\u00a0\u00bb da_disable_devices=\u00a0\u00bboff|off|off\u00a0\u00bb global_colors_info=\u00a0\u00bb{}\u00a0\u00bb da_is_popup=\u00a0\u00bboff\u00a0\u00bb da_exit_intent=\u00a0\u00bboff\u00a0\u00bb da_has_close=\u00a0\u00bbon\u00a0\u00bb da_alt_close=\u00a0\u00bboff\u00a0\u00bb da_dark_close=\u00a0\u00bboff\u00a0\u00bb da_not_modal=\u00a0\u00bbon\u00a0\u00bb da_is_singular=\u00a0\u00bboff\u00a0\u00bb da_with_loader=\u00a0\u00bboff\u00a0\u00bb da_has_shadow=\u00a0\u00bbon\u00a0\u00bb][et_pb_row _builder_version=\u00a0\u00bb4.21.0&Prime; _module_preset=\u00a0\u00bbdefault\u00a0\u00bb global_colors_info=\u00a0\u00bb{}\u00a0\u00bb][et_pb_column type=\u00a0\u00bb4_4&Prime; _builder_version=\u00a0\u00bb4.21.0&Prime; _module_preset=\u00a0\u00bbdefault\u00a0\u00bb global_colors_info=\u00a0\u00bb{}\u00a0\u00bb][et_pb_text _builder_version=\u00a0\u00bb4.21.0&Prime; _module_preset=\u00a0\u00bbdefault\u00a0\u00bb global_colors_info=\u00a0\u00bb{}\u00a0\u00bb]<\/p>\n<div class=\"xdj266r x11i5rnm xat24cr x1mh8g0r x1vvkbs x126k92a\">\n<div dir=\"auto\">L\u2019Alternance est \u00e0 l\u2019honneur <strong>le 28 juin 2023<\/strong> avec une double manifestation<\/div>\n<\/div>\n<div class=\"x11i5rnm xat24cr x1mh8g0r x1vvkbs xtlvy1s x126k92a\">\n<div dir=\"auto\">D\u2019une part, la 12\u00e8me journ\u00e9e de l\u2019alternance qui aura lieu \u00e0 la NORDEV et d\u2019autre part, le Forum de l\u2019alternance qui se tiendra \u00e0 l\u2019Universit\u00e9 du Tampon.<\/div>\n<\/div>\n<div class=\"x11i5rnm xat24cr x1mh8g0r x1vvkbs xtlvy1s x126k92a\">\n<div dir=\"auto\"><strong>Le CNAM R\u00c9UNION<\/strong> sera pr\u00e9sent sur les deux sites. Nous aurons le plaisir de vous rencontrer pour vous pr\u00e9senter notre CFA et les formations propos\u00e9es d\u00e8s la rentr\u00e9e en contrat d\u2019apprentissage ou en contrat de professionnalisation.<\/div>\n<\/div>\n<div class=\"x11i5rnm xat24cr x1mh8g0r x1vvkbs xtlvy1s x126k92a\">\n<div dir=\"auto\">Venez nombreux nous poser toutes vos questions.<\/div>\n<div dir=\"auto\">Au plaisir de vous rencontrer tr\u00e8s prochainement.<\/div>\n<div dir=\"auto\">\u00a0<\/div>\n<\/div>\n<div class=\"x11i5rnm xat24cr x1mh8g0r x1vvkbs xtlvy1s x126k92a\">\n<div dir=\"auto\">________________________________________________________________________<\/div>\n<div dir=\"auto\">NORDEV &#8211; 12\u00e8me journ\u00e9e de l&rsquo;alternance, de la formation et de l&#8217;emploi &#8211; <a class=\"x1i10hfl xjbqb8w x6umtig x1b1mbwd xaqea5y xav7gou x9f619 x1ypdohk xt0psk2 xe8uvvx xdj266r x11i5rnm xat24cr x1mh8g0r xexx8yu x4uap5 x18d9i69 xkhd6sd x16tdsg8 x1hl2dhg xggy1nq x1a2a7pz xt0b8zv x1fey0fg\" tabindex=\"0\" role=\"link\" href=\"https:\/\/l.facebook.com\/l.php?u=https%3A%2F%2Fwww.alternance.re%2F%3Ffbclid%3DIwAR0aZpCXfpn7ofNCxAE4YuIjknmA_yrTCbT_TGF-YgUwbj8imJWHLk_qyMU&amp;h=AT2T4bpP_Idz2Y1XtmUVPQjsBOBdKshYQPDH-jr9NzRKWre1_NqlY1IsFFIIxsQh6MZ01iTO7JiKNlDljrUZDCi9QumnuV7e3USkzkG7IK9emJXIbrfNANbDJmWUffX8f__5&amp;__tn__=-UK-R&amp;c[0]=AT2nnWD6EDgjzKfiHvoz6MJipJ7aw25AfYGniF9pMWGNBa4b0VDncREN-OWnx7dIKC609fQOOMwFg626pVAfkmDFonTSltLITNrC2ZTHMXsZU4dZDB1oOHGz8eA-HNDUC-i8fYopeKpBB1JSOYbVNqPxwa2UIjRY4uyIT4d-3MUaqKp-1g\" target=\"_blank\" rel=\"nofollow noopener noreferrer\">https:\/\/www.alternance.re\/<\/a><\/div>\n<\/div>\n<div class=\"x11i5rnm xat24cr x1mh8g0r x1vvkbs xtlvy1s x126k92a\">\n<div dir=\"auto\">LE TAMPON &#8211; Forum de l&rsquo;alternance &#8211; <a class=\"x1i10hfl xjbqb8w x6umtig x1b1mbwd xaqea5y xav7gou x9f619 x1ypdohk xt0psk2 xe8uvvx xdj266r x11i5rnm xat24cr x1mh8g0r xexx8yu x4uap5 x18d9i69 xkhd6sd x16tdsg8 x1hl2dhg xggy1nq x1a2a7pz xt0b8zv x1fey0fg\" tabindex=\"0\" role=\"link\" href=\"https:\/\/www.salonalternance.re\/?fbclid=IwAR0DclTwPRtEiOhda97e3SephGWpVcsAgR7bAL5PGffc2MXUyjmUQZ3R3zc\" target=\"_blank\" rel=\"nofollow noopener noreferrer\">https:\/\/www.salonalternance.re\/<\/a><\/div>\n<div dir=\"auto\">________________________________________________________________________<\/div>\n<div dir=\"auto\">\u00a0<\/div>\n<div dir=\"auto\">\u00a0<\/div>\n<\/div>\n<div dir=\"auto\"><center><img loading=\"lazy\" decoding=\"async\" class=\"wp-image-2885 alignnone size-full\" src=\"https:\/\/www.cnam.re\/site\/wp-content\/uploads\/forum_alternance_Tampon_2023.06.28.jpg\" alt=\"\" width=\"350\" height=\"350\" srcset=\"https:\/\/www.cnam.re\/site\/wp-content\/uploads\/\/forum_alternance_Tampon_2023.06.28.jpg 1440w, https:\/\/www.cnam.re\/site\/wp-content\/uploads\/\/forum_alternance_Tampon_2023.06.28-1080x1080.jpg 1080w, https:\/\/www.cnam.re\/site\/wp-content\/uploads\/\/forum_alternance_Tampon_2023.06.28-340x340.jpg 340w, https:\/\/www.cnam.re\/site\/wp-content\/uploads\/\/forum_alternance_Tampon_2023.06.28-460x460.jpg 460w, https:\/\/www.cnam.re\/site\/wp-content\/uploads\/\/forum_alternance_Tampon_2023.06.28-700x700.jpg 700w, https:\/\/www.cnam.re\/site\/wp-content\/uploads\/\/forum_alternance_Tampon_2023.06.28-1024x1024.jpg 1024w, https:\/\/www.cnam.re\/site\/wp-content\/uploads\/\/forum_alternance_Tampon_2023.06.28-1420x1420.jpg 1420w\" sizes=\"(max-width: 350px) 100vw, 350px\" \/> <img loading=\"lazy\" decoding=\"async\" class=\"wp-image-2886 alignnone size-full\" src=\"https:\/\/www.cnam.re\/site\/wp-content\/uploads\/salon_alternance_NORDEV_2023.06.28.jpg\" alt=\"\" width=\"350\" height=\"350\" srcset=\"https:\/\/www.cnam.re\/site\/wp-content\/uploads\/\/salon_alternance_NORDEV_2023.06.28.jpg 1500w, https:\/\/www.cnam.re\/site\/wp-content\/uploads\/\/salon_alternance_NORDEV_2023.06.28-1080x1080.jpg 1080w, https:\/\/www.cnam.re\/site\/wp-content\/uploads\/\/salon_alternance_NORDEV_2023.06.28-340x340.jpg 340w, https:\/\/www.cnam.re\/site\/wp-content\/uploads\/\/salon_alternance_NORDEV_2023.06.28-460x460.jpg 460w, https:\/\/www.cnam.re\/site\/wp-content\/uploads\/\/salon_alternance_NORDEV_2023.06.28-700x700.jpg 700w, https:\/\/www.cnam.re\/site\/wp-content\/uploads\/\/salon_alternance_NORDEV_2023.06.28-1024x1024.jpg 1024w, https:\/\/www.cnam.re\/site\/wp-content\/uploads\/\/salon_alternance_NORDEV_2023.06.28-1420x1420.jpg 1420w\" sizes=\"(max-width: 350px) 100vw, 350px\" \/><\/center><\/div>\n<p>&nbsp;<\/p>\n<p>________<br \/><em><strong>Centre r\u00e9gional du Cnam<\/strong><\/em><br \/>Renseignements : 0262.42.28.37 ou <a href=\"mailto:info@cnam.re\" target=\"_blank\" rel=\"noopener\">info@cnam.re<\/a><br \/>18, rue Claude Chappe ZAC 2000 &#8211; 97420 Le Port<br \/>Contactez votre r\u00e9f\u00e9rent\u00b7e handicap : <a href=\"mailto:emicconi@cnam.re\" target=\"_blank\" rel=\"noopener\">emicconi@cnam.re<\/a><br \/>Mission Handi\u2019Cnam : <a href=\"http:\/\/r.cnam.fr\/handicnam\" target=\"_blank\" rel=\"noopener\">http:\/\/r.cnam.fr\/handicnam<\/a><\/p>\n<p>[\/et_pb_text][\/et_pb_column][\/et_pb_row][\/et_pb_section]<\/p>\n","protected":false},"excerpt":{"rendered":"<p>L\u2019Alternance est \u00e0 l\u2019honneur le 28 juin 2023 avec une&#8230;<\/p>\n","protected":false},"author":2,"featured_media":2886,"comment_status":"closed","ping_status":"closed","sticky":false,"template":"","format":"standard","meta":{"_acf_changed":false,"_et_pb_use_builder":"on","_et_pb_old_content":"","_et_gb_content_width":"","footnotes":""},"categories":[21],"tags":[],"class_list":["post-2882","post","type-post","status-publish","format-standard","has-post-thumbnail","hentry","category-actualites"],"acf":[],"_links":{"self":[{"href":"https:\/\/www.cnam.re\/site\/wp-json\/wp\/v2\/posts\/2882","targetHints":{"allow":["GET"]}}],"collection":[{"href":"https:\/\/www.cnam.re\/site\/wp-json\/wp\/v2\/posts"}],"about":[{"href":"https:\/\/www.cnam.re\/site\/wp-json\/wp\/v2\/types\/post"}],"author":[{"embeddable":true,"href":"https:\/\/www.cnam.re\/site\/wp-json\/wp\/v2\/users\/2"}],"replies":[{"embeddable":true,"href":"https:\/\/www.cnam.re\/site\/wp-json\/wp\/v2\/comments?post=2882"}],"version-history":[{"count":6,"href":"https:\/\/www.cnam.re\/site\/wp-json\/wp\/v2\/posts\/2882\/revisions"}],"predecessor-version":[{"id":2893,"href":"https:\/\/www.cnam.re\/site\/wp-json\/wp\/v2\/posts\/2882\/revisions\/2893"}],"wp:featuredmedia":[{"embeddable":true,"href":"https:\/\/www.cnam.re\/site\/wp-json\/wp\/v2\/media\/2886"}],"wp:attachment":[{"href":"https:\/\/www.cnam.re\/site\/wp-json\/wp\/v2\/media?parent=2882"}],"wp:term":[{"taxonomy":"category","embeddable":true,"href":"https:\/\/www.cnam.re\/site\/wp-json\/wp\/v2\/categories?post=2882"},{"taxonomy":"post_tag","embeddable":true,"href":"https:\/\/www.cnam.re\/site\/wp-json\/wp\/v2\/tags?post=2882"}],"curies":[{"name":"wp","href":"https:\/\/api.w.org\/{rel}","templated":true}]}}