{"id":2873,"date":"2023-06-01T09:41:00","date_gmt":"2023-06-01T07:41:00","guid":{"rendered":"http:\/\/www.cnam.re\/wp\/?p=2873"},"modified":"2023-07-21T11:04:19","modified_gmt":"2023-07-21T09:04:19","slug":"rendez-vous-a-nos-jpo","status":"publish","type":"post","link":"https:\/\/www.cnam.re\/site\/rendez-vous-a-nos-jpo\/","title":{"rendered":"Rendez-vous \u00e0 nos JPO !"},"content":{"rendered":"<p>[et_pb_section fb_built=\u00a0\u00bb1&Prime; _builder_version=\u00a0\u00bb4.21.0&Prime; _module_preset=\u00a0\u00bbdefault\u00a0\u00bb da_disable_devices=\u00a0\u00bboff|off|off\u00a0\u00bb global_colors_info=\u00a0\u00bb{}\u00a0\u00bb da_is_popup=\u00a0\u00bboff\u00a0\u00bb da_exit_intent=\u00a0\u00bboff\u00a0\u00bb da_has_close=\u00a0\u00bbon\u00a0\u00bb da_alt_close=\u00a0\u00bboff\u00a0\u00bb da_dark_close=\u00a0\u00bboff\u00a0\u00bb da_not_modal=\u00a0\u00bbon\u00a0\u00bb da_is_singular=\u00a0\u00bboff\u00a0\u00bb da_with_loader=\u00a0\u00bboff\u00a0\u00bb da_has_shadow=\u00a0\u00bbon\u00a0\u00bb][et_pb_row _builder_version=\u00a0\u00bb4.21.0&Prime; _module_preset=\u00a0\u00bbdefault\u00a0\u00bb global_colors_info=\u00a0\u00bb{}\u00a0\u00bb][et_pb_column type=\u00a0\u00bb4_4&Prime; _builder_version=\u00a0\u00bb4.21.0&Prime; _module_preset=\u00a0\u00bbdefault\u00a0\u00bb global_colors_info=\u00a0\u00bb{}\u00a0\u00bb][et_pb_text _builder_version=\u00a0\u00bb4.21.0&Prime; _module_preset=\u00a0\u00bbdefault\u00a0\u00bb global_colors_info=\u00a0\u00bb{}\u00a0\u00bb]<\/p>\n<div class=\"xdj266r x11i5rnm xat24cr x1mh8g0r x1vvkbs x126k92a\">\n<div dir=\"auto\">\ud835\udc11\ud835\udc1e\ud835\udc27\ud835\udc2d\ud835\udc2b\ud835\udc1e\u0301\ud835\udc1e \ud835\udfd0\ud835\udfce\ud835\udfd0\ud835\udfd1-\ud835\udfd0\ud835\udfce\ud835\udfd0\ud835\udfd2 !<\/div>\n<\/div>\n<div class=\"x11i5rnm xat24cr x1mh8g0r x1vvkbs xtlvy1s x126k92a\">\n<div dir=\"auto\">\n<p><strong>JOURNEES PORTES OUVERTES au CNAM REUNION du 5 au 9 juin 2023<\/strong><\/p>\n<p>Le CNAM &#8211; Conservatoire National des Arts et M\u00e9tiers &#8211; est un grand \u00e9tablissement plac\u00e9 sous la tutelle du <em>Minist\u00e8re de l\u2019Enseignement sup\u00e9rieur et de la Recherche<\/em> et dont la mission principale est d\u00e9di\u00e9e \u00e0 la formation des adultes tout au long de la vie. Il est repr\u00e9sent\u00e9 \u00e0 la R\u00e9union par son centre r\u00e9gional, au service de la r\u00e9ussite des r\u00e9unionnais depuis plus de 25 ans. Il propose des formations certifiantes et dipl\u00f4mantes en cours du soir et \u00e0 distance, dans le cadre de la formation professionnelle continue mais aussi pour les jeunes \u00e0 la recherche d&rsquo;un <strong>contrat en alternance<\/strong> comme le contrat d&rsquo;apprentissage.<\/p>\n<p>Le Centre r\u00e9gional du CNAM de La R\u00e9union organise ses <strong><u>JOURNEES PORTES OUVERTES du 5 au 9 juin 2023 de 9h \u00e0 18h au Port<\/u><\/strong>.<\/p>\n<p>Vous souhaitez faire une formation, alors venez rencontrer nos conseillers qui d\u00e9finiront avec vous les contours de votre projet et vous accompagneront dans vos d\u00e9marches \u00e0 accomplir.<\/p>\n<p>Venez d\u00e9couvrir toutes nos formations, nos modalit\u00e9s d\u2019enseignements, les dispositifs de financement auxquels vous \u00eates \u00e9ligibles, nos parcours \u00e0 la carte \u2026 Retrouvez nos incontournables en termes de cursus dipl\u00f4mants du BAC+2 au BAC+5 mais \u00e9galement les nouveaut\u00e9s propos\u00e9es d\u00e8s la <strong>rentr\u00e9e de septembre 2023<\/strong>, comme la licence pro Energies \u00e9lectriques renouvelables ou encore la licence pro M\u00e9tiers de la comptabilit\u00e9, mais aussi notre Master Education artistique et Culturelle \u2026<\/p>\n<p>Nous vous attendons nombreuses et nombreux, \u00e0 tr\u00e8s vite !<\/p>\n<p>&nbsp;<\/p>\n<\/div>\n<\/div>\n<div dir=\"auto\">\u00a0<\/div>\n<div dir=\"auto\">________<br \/><em><strong>Centre r\u00e9gional du Cnam<\/strong><\/em><br \/>Renseignements : 0262.42.28.37 ou <a href=\"mailto:info@cnam.re\" target=\"_blank\" rel=\"noopener\">info@cnam.re<\/a><br \/>18, rue Claude Chappe ZAC 2000 &#8211; 97420 Le Port<br \/>Contactez votre r\u00e9f\u00e9rent\u00b7e handicap : <a href=\"mailto:emicconi@cnam.re\" target=\"_blank\" rel=\"noopener\">emicconi@cnam.re<\/a><br \/>Mission Handi\u2019Cnam : <a href=\"http:\/\/r.cnam.fr\/handicnam\" target=\"_blank\" rel=\"noopener\">http:\/\/r.cnam.fr\/handicnam<\/a><\/div>\n<p>[\/et_pb_text][\/et_pb_column][\/et_pb_row][\/et_pb_section]<\/p>\n","protected":false},"excerpt":{"rendered":"<p>\ud835\udc11\ud835\udc1e\ud835\udc27\ud835\udc2d\ud835\udc2b\ud835\udc1e\u0301\ud835\udc1e \ud835\udfd0\ud835\udfce\ud835\udfd0\ud835\udfd1-\ud835\udfd0\ud835\udfce\ud835\udfd0\ud835\udfd2 ! JOURNEES PORTES OUVERTES au CNAM&#8230;<\/p>\n","protected":false},"author":2,"featured_media":2876,"comment_status":"closed","ping_status":"closed","sticky":false,"template":"","format":"standard","meta":{"_acf_changed":false,"_et_pb_use_builder":"on","_et_pb_old_content":"","_et_gb_content_width":"","footnotes":""},"categories":[21],"tags":[],"class_list":["post-2873","post","type-post","status-publish","format-standard","has-post-thumbnail","hentry","category-actualites"],"acf":[],"_links":{"self":[{"href":"https:\/\/www.cnam.re\/site\/wp-json\/wp\/v2\/posts\/2873","targetHints":{"allow":["GET"]}}],"collection":[{"href":"https:\/\/www.cnam.re\/site\/wp-json\/wp\/v2\/posts"}],"about":[{"href":"https:\/\/www.cnam.re\/site\/wp-json\/wp\/v2\/types\/post"}],"author":[{"embeddable":true,"href":"https:\/\/www.cnam.re\/site\/wp-json\/wp\/v2\/users\/2"}],"replies":[{"embeddable":true,"href":"https:\/\/www.cnam.re\/site\/wp-json\/wp\/v2\/comments?post=2873"}],"version-history":[{"count":6,"href":"https:\/\/www.cnam.re\/site\/wp-json\/wp\/v2\/posts\/2873\/revisions"}],"predecessor-version":[{"id":2917,"href":"https:\/\/www.cnam.re\/site\/wp-json\/wp\/v2\/posts\/2873\/revisions\/2917"}],"wp:featuredmedia":[{"embeddable":true,"href":"https:\/\/www.cnam.re\/site\/wp-json\/wp\/v2\/media\/2876"}],"wp:attachment":[{"href":"https:\/\/www.cnam.re\/site\/wp-json\/wp\/v2\/media?parent=2873"}],"wp:term":[{"taxonomy":"category","embeddable":true,"href":"https:\/\/www.cnam.re\/site\/wp-json\/wp\/v2\/categories?post=2873"},{"taxonomy":"post_tag","embeddable":true,"href":"https:\/\/www.cnam.re\/site\/wp-json\/wp\/v2\/tags?post=2873"}],"curies":[{"name":"wp","href":"https:\/\/api.w.org\/{rel}","templated":true}]}}