{"id":2852,"date":"2023-07-15T09:09:24","date_gmt":"2023-07-15T07:09:24","guid":{"rendered":"http:\/\/www.cnam.re\/wp\/?p=2852"},"modified":"2023-07-21T11:05:27","modified_gmt":"2023-07-21T09:05:27","slug":"taxe-dapprentissage-2023","status":"publish","type":"post","link":"https:\/\/www.cnam.re\/site\/taxe-dapprentissage-2023\/","title":{"rendered":"Taxe d&rsquo;apprentissage 2023"},"content":{"rendered":"<p>[et_pb_section fb_built=\u00a0\u00bb1&Prime; _builder_version=\u00a0\u00bb4.21.0&Prime; _module_preset=\u00a0\u00bbdefault\u00a0\u00bb da_disable_devices=\u00a0\u00bboff|off|off\u00a0\u00bb global_colors_info=\u00a0\u00bb{}\u00a0\u00bb da_is_popup=\u00a0\u00bboff\u00a0\u00bb da_exit_intent=\u00a0\u00bboff\u00a0\u00bb da_has_close=\u00a0\u00bbon\u00a0\u00bb da_alt_close=\u00a0\u00bboff\u00a0\u00bb da_dark_close=\u00a0\u00bboff\u00a0\u00bb da_not_modal=\u00a0\u00bbon\u00a0\u00bb da_is_singular=\u00a0\u00bboff\u00a0\u00bb da_with_loader=\u00a0\u00bboff\u00a0\u00bb da_has_shadow=\u00a0\u00bbon\u00a0\u00bb][et_pb_row _builder_version=\u00a0\u00bb4.21.0&Prime; _module_preset=\u00a0\u00bbdefault\u00a0\u00bb global_colors_info=\u00a0\u00bb{}\u00a0\u00bb][et_pb_column type=\u00a0\u00bb4_4&Prime; _builder_version=\u00a0\u00bb4.21.0&Prime; _module_preset=\u00a0\u00bbdefault\u00a0\u00bb global_colors_info=\u00a0\u00bb{}\u00a0\u00bb][et_pb_text _builder_version=\u00a0\u00bb4.21.0&Prime; _module_preset=\u00a0\u00bbdefault\u00a0\u00bb global_colors_info=\u00a0\u00bb{}\u00a0\u00bb]<\/p>\n<p>Comme vous le savez, le processus de versement du solde de votre Taxe d\u2019Apprentissage a chang\u00e9 cette ann\u00e9e.<br \/>Ce sont dor\u00e9navant l\u2019URSSAF et la MSA qui sont les collecteurs et r\u00e9partiteurs du montant de votre solde \u00e0 l\u2019organisme de votre choix via la plateforme <strong>SOLT\u00e9A<\/strong>.<\/p>\n<p>La plateforme de fl\u00e9chage <strong>SOLT\u00e9A<\/strong> permet aux employeurs de choisir, parmi une liste nationale, les \u00e9tablissements b\u00e9n\u00e9ficiaires auxquels ils souhaitent affecter le solde de la taxe d\u2019apprentissage. Les employeurs peuvent \u00ab fl\u00e9cher \u00bb des fonds au profit des \u00e9tablissements de leur choix <strong>jusqu\u2019au 5 octobre 2023<\/strong> inclus.<br \/>Le solde de la Taxe d&rsquo;apprentissage est vers\u00e9 par l&rsquo;interm\u00e9diaire de la Caisse des d\u00e9p\u00f4ts et consignations aux \u00e9tablissements destinataires.<br \/>Alors si vous n\u2019avez pas encore fait le choix de l\u2019organisme auquel vous souhait\u00e9 attribuer ce montant, vous avez encore le temps de le faire, pensez-y !<\/p>\n<blockquote>\n<p><em><strong>Investissez dans l\u2019avenir avec nous, et soutenez l\u2019am\u00e9lioration continue de la qualit\u00e9 des formations du CNAM DE LA REUNION en faveur des jeunes et du monde professionnel de demain !<\/strong><\/em><\/p>\n<\/blockquote>\n<p>&nbsp;<\/p>\n<p>&nbsp;<\/p>\n<p><center><img loading=\"lazy\" decoding=\"async\" class=\"wp-image-2855 alignnone size-full\" src=\"https:\/\/www.cnam.re\/site\/wp-content\/uploads\/TA2023.jpg\" alt=\"\" width=\"600\" height=\"600\" srcset=\"https:\/\/www.cnam.re\/site\/wp-content\/uploads\/\/TA2023.jpg 1500w, https:\/\/www.cnam.re\/site\/wp-content\/uploads\/\/TA2023-1080x1080.jpg 1080w, https:\/\/www.cnam.re\/site\/wp-content\/uploads\/\/TA2023-340x340.jpg 340w, https:\/\/www.cnam.re\/site\/wp-content\/uploads\/\/TA2023-460x460.jpg 460w, https:\/\/www.cnam.re\/site\/wp-content\/uploads\/\/TA2023-700x700.jpg 700w, https:\/\/www.cnam.re\/site\/wp-content\/uploads\/\/TA2023-1024x1024.jpg 1024w, https:\/\/www.cnam.re\/site\/wp-content\/uploads\/\/TA2023-1420x1420.jpg 1420w\" sizes=\"(max-width: 600px) 100vw, 600px\" \/><\/center><\/p>\n<p>&nbsp;<\/p>\n<p>&nbsp;<\/p>\n<p>En savoir plus sur la <a href=\"https:\/\/www.cnam.re\/site\/votre-parcours\/taxe-dapprentissage\/\" target=\"_blank\" rel=\"noopener\">Taxe d&rsquo;apprentissage 2023<\/a><\/p>\n<p>Tout ce que vous devez savoir sur <a href=\"https:\/\/www.soltea.education.gouv.fr\/espace-public\/\" target=\"_blank\" rel=\"noopener\">SOLT\u00e9A<\/a><\/p>\n<p>________<br \/><em><strong>Centre r\u00e9gional du Cnam<\/strong><\/em><br \/>Renseignements : 0262.42.28.37 ou <a href=\"mailto:info@cnam.re\" target=\"_blank\" rel=\"noopener\">info@cnam.re<\/a><br \/>18, rue Claude Chappe ZAC 2000 &#8211; 97420 Le Port<br \/>Contactez votre r\u00e9f\u00e9rent\u00b7e handicap : <a href=\"mailto:emicconi@cnam.re\" target=\"_blank\" rel=\"noopener\">emicconi@cnam.re<\/a><br \/>Mission Handi\u2019Cnam : <a href=\"http:\/\/r.cnam.fr\/handicnam\" target=\"_blank\" rel=\"noopener\">http:\/\/r.cnam.fr\/handicnam<\/a><\/p>\n<p>[\/et_pb_text][\/et_pb_column][\/et_pb_row][\/et_pb_section]<\/p>\n","protected":false},"excerpt":{"rendered":"<p>Comme vous le savez, le processus de versement du&#8230;<\/p>\n","protected":false},"author":2,"featured_media":2131,"comment_status":"closed","ping_status":"closed","sticky":false,"template":"","format":"standard","meta":{"_acf_changed":false,"_et_pb_use_builder":"on","_et_pb_old_content":"","_et_gb_content_width":"","footnotes":""},"categories":[21],"tags":[],"class_list":["post-2852","post","type-post","status-publish","format-standard","has-post-thumbnail","hentry","category-actualites"],"acf":[],"_links":{"self":[{"href":"https:\/\/www.cnam.re\/site\/wp-json\/wp\/v2\/posts\/2852","targetHints":{"allow":["GET"]}}],"collection":[{"href":"https:\/\/www.cnam.re\/site\/wp-json\/wp\/v2\/posts"}],"about":[{"href":"https:\/\/www.cnam.re\/site\/wp-json\/wp\/v2\/types\/post"}],"author":[{"embeddable":true,"href":"https:\/\/www.cnam.re\/site\/wp-json\/wp\/v2\/users\/2"}],"replies":[{"embeddable":true,"href":"https:\/\/www.cnam.re\/site\/wp-json\/wp\/v2\/comments?post=2852"}],"version-history":[{"count":9,"href":"https:\/\/www.cnam.re\/site\/wp-json\/wp\/v2\/posts\/2852\/revisions"}],"predecessor-version":[{"id":2918,"href":"https:\/\/www.cnam.re\/site\/wp-json\/wp\/v2\/posts\/2852\/revisions\/2918"}],"wp:featuredmedia":[{"embeddable":true,"href":"https:\/\/www.cnam.re\/site\/wp-json\/wp\/v2\/media\/2131"}],"wp:attachment":[{"href":"https:\/\/www.cnam.re\/site\/wp-json\/wp\/v2\/media?parent=2852"}],"wp:term":[{"taxonomy":"category","embeddable":true,"href":"https:\/\/www.cnam.re\/site\/wp-json\/wp\/v2\/categories?post=2852"},{"taxonomy":"post_tag","embeddable":true,"href":"https:\/\/www.cnam.re\/site\/wp-json\/wp\/v2\/tags?post=2852"}],"curies":[{"name":"wp","href":"https:\/\/api.w.org\/{rel}","templated":true}]}}