{"id":2562,"date":"2023-05-26T14:38:45","date_gmt":"2023-05-26T12:38:45","guid":{"rendered":"http:\/\/www.cnam.re\/wp\/?p=2562"},"modified":"2023-07-21T11:01:09","modified_gmt":"2023-07-21T09:01:09","slug":"mon-eparcours","status":"publish","type":"post","link":"https:\/\/www.cnam.re\/site\/mon-eparcours\/","title":{"rendered":"\u00ab Mon eParcours \u00bb,  le portefeuille num\u00e9rique de comp\u00e9tences, Made in Cnam"},"content":{"rendered":"<p>[et_pb_section fb_built=\u00a0\u00bb1&Prime; _builder_version=\u00a0\u00bb4.16&Prime; da_disable_devices=\u00a0\u00bboff|off|off\u00a0\u00bb global_colors_info=\u00a0\u00bb{}\u00a0\u00bb da_is_popup=\u00a0\u00bboff\u00a0\u00bb da_exit_intent=\u00a0\u00bboff\u00a0\u00bb da_has_close=\u00a0\u00bbon\u00a0\u00bb da_alt_close=\u00a0\u00bboff\u00a0\u00bb da_dark_close=\u00a0\u00bboff\u00a0\u00bb da_not_modal=\u00a0\u00bbon\u00a0\u00bb da_is_singular=\u00a0\u00bboff\u00a0\u00bb da_with_loader=\u00a0\u00bboff\u00a0\u00bb da_has_shadow=\u00a0\u00bbon\u00a0\u00bb][et_pb_row _builder_version=\u00a0\u00bb4.16&Prime; background_size=\u00a0\u00bbinitial\u00a0\u00bb background_position=\u00a0\u00bbtop_left\u00a0\u00bb background_repeat=\u00a0\u00bbrepeat\u00a0\u00bb global_colors_info=\u00a0\u00bb{}\u00a0\u00bb][et_pb_column type=\u00a0\u00bb4_4&Prime; _builder_version=\u00a0\u00bb4.16&Prime; custom_padding=\u00a0\u00bb|||\u00a0\u00bb global_colors_info=\u00a0\u00bb{}\u00a0\u00bb custom_padding__hover=\u00a0\u00bb|||\u00a0\u00bb][et_pb_text _builder_version=\u00a0\u00bb4.21.0&Prime; background_size=\u00a0\u00bbinitial\u00a0\u00bb background_position=\u00a0\u00bbtop_left\u00a0\u00bb background_repeat=\u00a0\u00bbrepeat\u00a0\u00bb global_colors_info=\u00a0\u00bb{}\u00a0\u00bb]<\/p>\n<p>La direction nationale des formations (DNF) a lanc\u00e9 \u00ab\u00a0Mon eParcours\u00a0\u00bb sur l\u2019espace num\u00e9rique de formation (ENF), <a href=\"https:\/\/lecnam.net\/\" target=\"_blank\" rel=\"noopener\">lecnam.net<\/a> (rubrique \u00ab\u00a0Mes services\u00a0\u00bb).<\/p>\n<p>Ce nouveau service, mis \u00e0 disposition des \u00e9l\u00e8ves du Conservatoire, est un portefeuille num\u00e9rique de comp\u00e9tences o\u00f9 chacun\u2022e pourra reporter, d\u00e9crire et valoriser son parcours d\u2019apprentissage, ses exp\u00e9riences, professionnelles ou personnelles, et les comp\u00e9tences acquises. Centralisant en un point unique tous les \u00e9l\u00e9ments pertinents, cette application facilite la prise de recul n\u00e9cessaire \u00e0 la r\u00e9flexion sur son parcours, pour ainsi mieux planifier ou faire \u00e9voluer sa carri\u00e8re, quelle que soit son exp\u00e9rience professionnelle.<\/p>\n<p>Disposant de deux <em>espaces<\/em> distincts, l\u2019un d\u2019archivage, l\u2019autre de publication, l\u2019application permet :<br \/>\u2022 De cr\u00e9er un portefeuille num\u00e9rique de comp\u00e9tences personnel dans un environnement s\u00e9curis\u00e9.<br \/>\u2022 De pr\u00e9senter ses exp\u00e9riences professionnelles, de g\u00e9n\u00e9rer son CV, de pr\u00e9parer un entretien professionnel\u2026<br \/>\u2022 De d\u00e9poser et ordonner ses preuves \u00ab d\u2019apprentissage tout au long de la vie \u00bb.<br \/>\u2022 De contr\u00f4ler qui voit quelles informations.<\/p>\n<p>Penser pour accompagner les \u00e9l\u00e8ves du Cnam dans une perspective d\u2019\u00e9volution professionnelle, l\u2019application permet \u00e9galement une assistance \u00e0 l\u2019identification et \u00e0 la formulation des comp\u00e9tences, en vue notamment de les compl\u00e9ter par le bon cursus de formation. Pour ce faire, \u00ab Mon eParcours \u00bb dispose de plusieurs questionnaires et d\u2019un chatbot.<\/p>\n<p>Gr\u00e2ce \u00e0 cet outil, il sera d\u00e9sormais plus ais\u00e9 pour les \u00e9l\u00e8ves du Cnam d\u2019appr\u00e9cier l\u2019ensemble de leur parcours, pour mieux se conna\u00eetre et se faire reconna\u00eetre.<\/p>\n<p>En savoir plus, <a href=\"https:\/\/eleves.cnam.fr\/toute-l-actualite\/mon-eparcours-un-e-portfolio-au-service-de-mon-evolution-professionnelle--1280406.kjsp\" target=\"_blank\" rel=\"noopener\"><strong>cliquer ici<\/strong><\/a><\/p>\n<p>________<br \/><em><strong>Centre r\u00e9gional du Cnam<\/strong><\/em><br \/>Renseignements : 0262.42.28.37 ou <a href=\"mailto:info@cnam.re\" target=\"_blank\" rel=\"noopener\">info@cnam.re<\/a><br \/>18, rue Claude Chappe ZAC 2000 &#8211; 97420 Le Port<br \/>Contactez votre r\u00e9f\u00e9rent\u00b7e handicap : <a href=\"mailto:emicconi@cnam.re\" target=\"_blank\" rel=\"noopener\">emicconi@cnam.re<\/a><br \/>Mission Handi\u2019Cnam : <a href=\"http:\/\/r.cnam.fr\/handicnam\" target=\"_blank\" rel=\"noopener\">http:\/\/r.cnam.fr\/handicnam<\/a><\/p>\n<p>[\/et_pb_text][\/et_pb_column][\/et_pb_row][\/et_pb_section]<\/p>\n","protected":false},"excerpt":{"rendered":"<p>La direction nationale des formations (DNF) a lanc\u00e9&#8230;<\/p>\n","protected":false},"author":2,"featured_media":2563,"comment_status":"closed","ping_status":"closed","sticky":false,"template":"","format":"standard","meta":{"_acf_changed":false,"_et_pb_use_builder":"on","_et_pb_old_content":"<p>La direction nationale des formations (DNF) a lanc\u00e9 \u00ab\u00a0Mon eParcours\u00a0\u00bb sur l\u2019espace num\u00e9rique de formation (ENF), <a href=\"https:\/\/lecnam.net\/\">lecnam.net<\/a> (rubrique \u00ab\u00a0Mes services\u00a0\u00bb).<\/p><p>Ce nouveau service, mis \u00e0 disposition des \u00e9l\u00e8ves du Conservatoire, est un portefeuille num\u00e9rique de comp\u00e9tences o\u00f9 chacun\u2022e pourra reporter, d\u00e9crire et valoriser son parcours d\u2019apprentissage, ses exp\u00e9riences, professionnelles ou personnelles, et les comp\u00e9tences acquises. Centralisant en un point unique tous les \u00e9l\u00e9ments pertinents, cette application facilite la prise de recul n\u00e9cessaire \u00e0 la r\u00e9flexion sur son parcours, pour ainsi mieux planifier ou faire \u00e9voluer sa carri\u00e8re, quelle que soit son exp\u00e9rience professionnelle.<\/p><p>Disposant de deux <em>espaces<\/em> distincts, l\u2019un d\u2019archivage, l\u2019autre de publication, l\u2019application permet :<br \/>\u2022 De cr\u00e9er un portefeuille num\u00e9rique de comp\u00e9tences personnel dans un environnement s\u00e9curis\u00e9.<br \/>\u2022 De pr\u00e9senter ses exp\u00e9riences professionnelles, de g\u00e9n\u00e9rer son CV, de pr\u00e9parer un entretien professionnel\u2026<br \/>\u2022 De d\u00e9poser et ordonner ses preuves \u00ab d\u2019apprentissage tout au long de la vie \u00bb.<br \/>\u2022 De contr\u00f4ler qui voit quelles informations.<\/p><p>Penser pour accompagner les \u00e9l\u00e8ves du Cnam dans une perspective d\u2019\u00e9volution professionnelle, l\u2019application permet \u00e9galement une assistance \u00e0 l\u2019identification et \u00e0 la formulation des comp\u00e9tences, en vue notamment de les compl\u00e9ter par le bon cursus de formation. Pour ce faire, \u00ab Mon eParcours \u00bb dispose de plusieurs questionnaires et d\u2019un chatbot.<\/p><p>Gr\u00e2ce \u00e0 cet outil, il sera d\u00e9sormais plus ais\u00e9 pour les \u00e9l\u00e8ves du Cnam d\u2019appr\u00e9cier l\u2019ensemble de leur parcours, pour mieux se conna\u00eetre et se faire reconna\u00eetre.<\/p><p>En savoir plus, <a href=\"https:\/\/eleves.cnam.fr\/toute-l-actualite\/mon-eparcours-un-e-portfolio-au-service-de-mon-evolution-professionnelle--1280406.kjsp\"><strong>cliquer ici<\/strong><\/a><\/p>","_et_gb_content_width":"","footnotes":""},"categories":[21],"tags":[],"class_list":["post-2562","post","type-post","status-publish","format-standard","has-post-thumbnail","hentry","category-actualites"],"acf":[],"_links":{"self":[{"href":"https:\/\/www.cnam.re\/site\/wp-json\/wp\/v2\/posts\/2562","targetHints":{"allow":["GET"]}}],"collection":[{"href":"https:\/\/www.cnam.re\/site\/wp-json\/wp\/v2\/posts"}],"about":[{"href":"https:\/\/www.cnam.re\/site\/wp-json\/wp\/v2\/types\/post"}],"author":[{"embeddable":true,"href":"https:\/\/www.cnam.re\/site\/wp-json\/wp\/v2\/users\/2"}],"replies":[{"embeddable":true,"href":"https:\/\/www.cnam.re\/site\/wp-json\/wp\/v2\/comments?post=2562"}],"version-history":[{"count":7,"href":"https:\/\/www.cnam.re\/site\/wp-json\/wp\/v2\/posts\/2562\/revisions"}],"predecessor-version":[{"id":2915,"href":"https:\/\/www.cnam.re\/site\/wp-json\/wp\/v2\/posts\/2562\/revisions\/2915"}],"wp:featuredmedia":[{"embeddable":true,"href":"https:\/\/www.cnam.re\/site\/wp-json\/wp\/v2\/media\/2563"}],"wp:attachment":[{"href":"https:\/\/www.cnam.re\/site\/wp-json\/wp\/v2\/media?parent=2562"}],"wp:term":[{"taxonomy":"category","embeddable":true,"href":"https:\/\/www.cnam.re\/site\/wp-json\/wp\/v2\/categories?post=2562"},{"taxonomy":"post_tag","embeddable":true,"href":"https:\/\/www.cnam.re\/site\/wp-json\/wp\/v2\/tags?post=2562"}],"curies":[{"name":"wp","href":"https:\/\/api.w.org\/{rel}","templated":true}]}}