{"id":172,"date":"2023-06-15T09:33:17","date_gmt":"2023-06-15T07:33:17","guid":{"rendered":"https:\/\/cnam.smade.fr\/?p=172"},"modified":"2023-07-21T11:07:52","modified_gmt":"2023-07-21T09:07:52","slug":"aides-alternance-prolongees","status":"publish","type":"post","link":"https:\/\/www.cnam.re\/site\/aides-alternance-prolongees\/","title":{"rendered":"Aide 2023 aux employeurs qui recrutent en alternance"},"content":{"rendered":"<p>[et_pb_section fb_built=\u00a0\u00bb1&Prime; _builder_version=\u00a0\u00bb4.16&Prime; da_disable_devices=\u00a0\u00bboff|off|off\u00a0\u00bb global_colors_info=\u00a0\u00bb{}\u00a0\u00bb da_is_popup=\u00a0\u00bboff\u00a0\u00bb da_exit_intent=\u00a0\u00bboff\u00a0\u00bb da_has_close=\u00a0\u00bbon\u00a0\u00bb da_alt_close=\u00a0\u00bboff\u00a0\u00bb da_dark_close=\u00a0\u00bboff\u00a0\u00bb da_not_modal=\u00a0\u00bbon\u00a0\u00bb da_is_singular=\u00a0\u00bboff\u00a0\u00bb da_with_loader=\u00a0\u00bboff\u00a0\u00bb da_has_shadow=\u00a0\u00bbon\u00a0\u00bb][et_pb_row _builder_version=\u00a0\u00bb4.16&Prime; background_size=\u00a0\u00bbinitial\u00a0\u00bb background_position=\u00a0\u00bbtop_left\u00a0\u00bb background_repeat=\u00a0\u00bbrepeat\u00a0\u00bb global_colors_info=\u00a0\u00bb{}\u00a0\u00bb][et_pb_column type=\u00a0\u00bb4_4&Prime; _builder_version=\u00a0\u00bb4.16&Prime; custom_padding=\u00a0\u00bb|||\u00a0\u00bb global_colors_info=\u00a0\u00bb{}\u00a0\u00bb custom_padding__hover=\u00a0\u00bb|||\u00a0\u00bb][et_pb_text _builder_version=\u00a0\u00bb4.21.0&Prime; background_size=\u00a0\u00bbinitial\u00a0\u00bb background_position=\u00a0\u00bbtop_left\u00a0\u00bb background_repeat=\u00a0\u00bbrepeat\u00a0\u00bb global_colors_info=\u00a0\u00bb{}\u00a0\u00bb]<\/p>\n<p>Pour l\u2019ann\u00e9e 2023, le gouvernement a renouvel\u00e9 son soutien au recrutement des apprentis et des salari\u00e9s en contrat de professionnalisation, pour tous les contrats conclus entre le 1<sup>er<\/sup>\u00a0janvier 2023 et le 31 d\u00e9cembre 2023, jusqu\u2019au niveau master et pour toutes les entreprises.<\/p>\n<p><strong>Bon \u00e0 savoir\u00a0:\u00a0<\/strong>le Gouvernement poursuit son engagement en faveur des entreprises qui recrutent des apprentis en renouvelant son soutien jusqu\u2019\u00e0 la fin du quinquennat\u00a0! <strong>Ainsi, jusqu\u2019en 2027, pour tout contrat d\u2019apprentissage pr\u00e9parant \u00e0 un dipl\u00f4me jusqu\u2019au master, les entreprises peuvent b\u00e9n\u00e9ficier d\u2019une aide de 6 000 \u20ac<\/strong>\u00a0!<\/p>\n<p style=\"text-align: left;\"><strong>\u00a0<\/strong><\/p>\n<p style=\"text-align: center;\"><img loading=\"lazy\" decoding=\"async\" class=\"wp-image-2847 alignnone size-full\" src=\"https:\/\/www.cnam.re\/site\/wp-content\/uploads\/aides_alternance.jpg\" alt=\"\" width=\"600\" height=\"600\" srcset=\"https:\/\/www.cnam.re\/site\/wp-content\/uploads\/\/aides_alternance.jpg 1500w, https:\/\/www.cnam.re\/site\/wp-content\/uploads\/\/aides_alternance-1080x1080.jpg 1080w, https:\/\/www.cnam.re\/site\/wp-content\/uploads\/\/aides_alternance-340x340.jpg 340w, https:\/\/www.cnam.re\/site\/wp-content\/uploads\/\/aides_alternance-460x460.jpg 460w, https:\/\/www.cnam.re\/site\/wp-content\/uploads\/\/aides_alternance-700x700.jpg 700w, https:\/\/www.cnam.re\/site\/wp-content\/uploads\/\/aides_alternance-1024x1024.jpg 1024w, https:\/\/www.cnam.re\/site\/wp-content\/uploads\/\/aides_alternance-1420x1420.jpg 1420w\" sizes=\"(max-width: 600px) 100vw, 600px\" \/><\/p>\n<p style=\"text-align: left;\"><strong>\u00a0<\/strong><\/p>\n<p style=\"text-align: center;\">\u00a0-Infos pratiques &#8211;<\/p>\n<p style=\"text-align: center;\">t\u00e9l\u00e9chargez notre <a href=\"https:\/\/cnam.smade.fr\/wp-content\/uploads\/guide_alternance_employeurs.pdf\" target=\"_blank\" rel=\"noopener\">guide de l&#8217;employeur<\/a><\/p>\n<p>&nbsp;<\/p>\n<p style=\"text-align: center;\"><img loading=\"lazy\" decoding=\"async\" class=\"wp-image-1301 aligncenter\" src=\"https:\/\/cnam.smade.fr\/wp-content\/uploads\/cnam_alternance_guide_02.jpg\" alt=\"\" width=\"316\" height=\"237\" srcset=\"https:\/\/www.cnam.re\/site\/wp-content\/uploads\/cnam_alternance_guide_02.jpg 600w, https:\/\/www.cnam.re\/site\/wp-content\/uploads\/cnam_alternance_guide_02-510x382.jpg 510w, https:\/\/www.cnam.re\/site\/wp-content\/uploads\/cnam_alternance_guide_02-340x255.jpg 340w, https:\/\/www.cnam.re\/site\/wp-content\/uploads\/cnam_alternance_guide_02-460x345.jpg 460w\" sizes=\"(max-width: 316px) 100vw, 316px\" \/><\/p>\n<p>&nbsp;<\/p>\n<p>Pour en savoir plus, cliquez <a href=\"https:\/\/travail-emploi.gouv.fr\/formation-professionnelle\/entreprise-et-alternance\/aides-au-recrutement-d-un-alternant\/article\/aide-2023-aux-employeurs-qui-recrutent-en-alternance\" target=\"_blank\" rel=\"noopener\">ici<\/a><\/p>\n<p>________<br \/><em><strong>Centre r\u00e9gional du Cnam<\/strong><\/em><br \/>Renseignements : 0262.42.28.37 ou <a href=\"mailto:info@cnam.re\" target=\"_blank\" rel=\"noopener\">info@cnam.re<\/a><br \/>18, rue Claude Chappe ZAC 2000 &#8211; 97420 Le Port<br \/>Contactez votre r\u00e9f\u00e9rent\u00b7e handicap : <a href=\"mailto:emicconi@cnam.re\" target=\"_blank\" rel=\"noopener\">emicconi@cnam.re<\/a><br \/>Mission Handi\u2019Cnam : <a href=\"http:\/\/r.cnam.fr\/handicnam\" target=\"_blank\" rel=\"noopener\">http:\/\/r.cnam.fr\/handicnam<\/a><\/p>\n<p>[\/et_pb_text][\/et_pb_column][\/et_pb_row][\/et_pb_section]<\/p>\n","protected":false},"excerpt":{"rendered":"<p>Pour l\u2019ann\u00e9e 2023, le gouvernement a renouvel\u00e9 son&#8230;<\/p>\n","protected":false},"author":1,"featured_media":2866,"comment_status":"closed","ping_status":"closed","sticky":false,"template":"","format":"standard","meta":{"_acf_changed":false,"_et_pb_use_builder":"on","_et_pb_old_content":"<p style=\"text-align: left;\">L\u2019employeur qui embauche un apprenti ou jeune en contrat de professionnalisation a droit \u00e0 une aide de 5 000 ou 8 000 \u20ac. Cette mesure est prolong\u00e9e jusqu'\u00e0 fin de l'ann\u00e9e par d\u00e9cret du 29 juin 2022.<\/p><p style=\"text-align: left;\">Elle devait prendre fin au 30 juin 2022. Finalement, l\u2019aide exceptionnelle \u00e0 l\u2019embauche d\u2019un alternant sera prolong\u00e9e jusqu\u2019au 31 d\u00e9cembre 2022. En effet, avec 718 000 contrats sign\u00e9s en 2021, soit une hausse de 37% apr\u00e8s d\u00e9j\u00e0 42% en 2020, le gouvernement a r\u00e9affirm\u00e9 son objectif de d\u00e9velopper l\u2019apprentissage et vise le million de contrats sign\u00e9s en 2022.<\/p><p style=\"text-align: left;\"><strong>\u00a0<\/strong><\/p><p style=\"text-align: left;\"><strong>Recrutements \u00e9ligibles<\/strong><\/p><p style=\"text-align: left;\">Les exploitants peuvent b\u00e9n\u00e9ficier de l\u2019aide exceptionnelle en recrutant un apprenti ou un jeune \u00e2g\u00e9 de moins de 30 ans en contrat de professionnalisation. Ce jeune doit pr\u00e9parer un dipl\u00f4me ou un titre \u00e0 finalit\u00e9 professionnelle \u00e9quivalent, au plus, au niveau Bac + 5 (master). Il faut noter que c\u2019est la date de conclusion du contrat qui d\u00e9termine l\u2019\u00e9ligibilit\u00e9 \u00e0 l\u2019aide exceptionnelle.<\/p><p>\u00a0<\/p><p style=\"text-align: left;\"><strong>Montant de l\u2019aide<\/strong><\/p><p style=\"text-align: left;\">Au titre de la premi\u00e8re ann\u00e9e d\u2019ex\u00e9cution du contrat d\u2019apprentissage ou de professionnalisation, l\u2019aide est accord\u00e9e pour un montant de 5 000 \u20ac maximum pour un mineur, 8 000 \u20ac maximum pour un majeur. Si le jeune atteint l'\u00e2ge de 18 ans au cours de la premi\u00e8re ann\u00e9e de son contrat, le montant de l\u2019aide est revaloris\u00e9 sur le nombre de mois restant, \u00e0 compter du 1er jour du mois suivant sa date anniversaire.<\/p><p style=\"text-align: left;\">Pour les ann\u00e9es suivantes du contrat, les employeurs d\u2019apprentis peuvent b\u00e9n\u00e9ficier de l\u2019aide unique \u00e0 l\u2019apprentissage. Son montant est de 4 125 \u20ac maximum pour la 1\u00e8re ann\u00e9e du contrat (notons que ce montant n\u2019est pas cumulable avec l\u2019aide exceptionnelle de 5 000 ou 8 000 \u20ac), 2 000 \u20ac pour la 2\u00e8me ann\u00e9e et 1 200 \u20ac pour la 3\u00e8me\u00a0 ann\u00e9e. L\u2019aide unique est r\u00e9serv\u00e9e aux contrats destin\u00e9s \u00e0 pr\u00e9parer un dipl\u00f4me \u00e9quivalent au plus au baccalaur\u00e9at.<\/p><p>\u00a0<\/p><p style=\"text-align: left;\"><strong>Modalit\u00e9s de versement de l\u2019aide<\/strong><\/p><p style=\"text-align: left;\">Pour b\u00e9n\u00e9ficier de l\u2019aide, l\u2019exploitant doit d\u00e9poser le contrat aupr\u00e8s de l\u2019Opco (Op\u00e9rateur de comp\u00e9tences) dans les 5 jours ouvrables suivant le d\u00e9but de son ex\u00e9cution. L\u2019aide est alors vers\u00e9e chaque mois par l\u2019Agence de services et de paiement (ASP). Elle continue \u00e0 \u00eatre vers\u00e9e si l\u2019exploitant justifie chaque mois de la continuation du contrat. Pour le contrat d\u2019apprentissage, cette justification est effectu\u00e9e par l\u2019envoi de la d\u00e9claration sociale nominative (DSN). Pour le contrat de professionnalisation, l\u2019employeur doit transmettre le bulletin de paie du salari\u00e9 du mois concern\u00e9 \u00e0 l\u2019ASP.<\/p><p style=\"text-align: left;\">En cas de suspension du contrat entra\u00eenant une interruption du versement de la r\u00e9mun\u00e9ration, l\u2019aide n\u2019est pas vers\u00e9e au titre des mois consid\u00e9r\u00e9s. En cas de rupture anticip\u00e9e du contrat, l\u2019aide n\u2019est plus due \u00e0 compter du mois suivant la date de fin du contrat.<\/p><p>\u00a0<\/p><p style=\"text-align: center;\">\u00a0-Infos pratiques -<\/p><p style=\"text-align: center;\">t\u00e9l\u00e9chargez notre <a href=\"https:\/\/cnam.smade.fr\/wp-content\/uploads\/guide_alternance_employeurs.pdf\" target=\"_blank\" rel=\"noopener\">guide de l'employeur<\/a><\/p><p><img class=\"wp-image-1301 aligncenter\" src=\"https:\/\/cnam.smade.fr\/wp-content\/uploads\/cnam_alternance_guide_02.jpg\" alt=\"\" width=\"237\" height=\"178\" \/><\/p><p>\u00a0<\/p><p>Pour en savoir plus, cliquez <a href=\"https:\/\/www.alternance-professionnelle.fr\/aides-apprentissage-prolongation\/\" target=\"_blank\" rel=\"noopener\">ici<\/a><\/p><p>\u00a0<\/p>","_et_gb_content_width":"","footnotes":""},"categories":[21],"tags":[],"class_list":["post-172","post","type-post","status-publish","format-standard","has-post-thumbnail","hentry","category-actualites"],"acf":[],"_links":{"self":[{"href":"https:\/\/www.cnam.re\/site\/wp-json\/wp\/v2\/posts\/172","targetHints":{"allow":["GET"]}}],"collection":[{"href":"https:\/\/www.cnam.re\/site\/wp-json\/wp\/v2\/posts"}],"about":[{"href":"https:\/\/www.cnam.re\/site\/wp-json\/wp\/v2\/types\/post"}],"author":[{"embeddable":true,"href":"https:\/\/www.cnam.re\/site\/wp-json\/wp\/v2\/users\/1"}],"replies":[{"embeddable":true,"href":"https:\/\/www.cnam.re\/site\/wp-json\/wp\/v2\/comments?post=172"}],"version-history":[{"count":15,"href":"https:\/\/www.cnam.re\/site\/wp-json\/wp\/v2\/posts\/172\/revisions"}],"predecessor-version":[{"id":2919,"href":"https:\/\/www.cnam.re\/site\/wp-json\/wp\/v2\/posts\/172\/revisions\/2919"}],"wp:featuredmedia":[{"embeddable":true,"href":"https:\/\/www.cnam.re\/site\/wp-json\/wp\/v2\/media\/2866"}],"wp:attachment":[{"href":"https:\/\/www.cnam.re\/site\/wp-json\/wp\/v2\/media?parent=172"}],"wp:term":[{"taxonomy":"category","embeddable":true,"href":"https:\/\/www.cnam.re\/site\/wp-json\/wp\/v2\/categories?post=172"},{"taxonomy":"post_tag","embeddable":true,"href":"https:\/\/www.cnam.re\/site\/wp-json\/wp\/v2\/tags?post=172"}],"curies":[{"name":"wp","href":"https:\/\/api.w.org\/{rel}","templated":true}]}}